{"id":40078,"date":"2022-08-29T00:00:16","date_gmt":"2022-08-29T03:00:16","guid":{"rendered":"https:\/\/vocesdebaires.com.ar\/?p=40078"},"modified":"2022-08-28T19:19:53","modified_gmt":"2022-08-28T22:19:53","slug":"ciudad-larreta-siempre-vamos-a-defender-la-paz-y-la-republica","status":"publish","type":"post","link":"https:\/\/vocesdebaires.com.ar\/index.php\/2022\/08\/29\/ciudad-larreta-siempre-vamos-a-defender-la-paz-y-la-republica\/","title":{"rendered":"Ciudad: Larreta, \u201cSiempre vamos a defender la paz y la Rep\u00fablica\u201d"},"content":{"rendered":"<p>El jefe de Gobierno porte\u00f1o, Horacio Rodr\u00edguez Larreta, se refiri\u00f3 a los hechos registrados este s\u00e1bado en Recoleta, en las inmediaciones del domicilio de la Vicepresidenta, Cristina Fern\u00e1ndez de Kirchner, y remarc\u00f3 que \u201cla violencia es el l\u00edmite\u201d. Rodr\u00edguez Larreta explic\u00f3 que \u201clo que inicialmente era una expresi\u00f3n de apoyo se convirti\u00f3 en un acampe permanente con grupos que se turnaban para ocupar el espacio p\u00fablico con amenazas a vecinos, ruidos hasta la madrugada, gente subi\u00e9ndose a los postes de luz, parrillas en la calle, fuegos artificiales y una alteraci\u00f3n absoluta de la vida en toda la zona\u201d.<\/p>\n<p>El Jefe de Gobierno remarc\u00f3 que ante esa situaci\u00f3n se \u201cdispuso un vallado para recuperar el espacio p\u00fablico para todos los vecinos y devolver la vida normal al barrio, despu\u00e9s de cinco d\u00edas de alteraci\u00f3n, siempre con la paz como objetivo\u201d.Sobre lo sucedido el pasado s\u00e1bado, se\u00f1al\u00f3: \u201cDurante la tarde del pasado s\u00e1bado, y tras la convocatoria de dirigentes oficialistas, la manifestaci\u00f3n se transform\u00f3 en una situaci\u00f3n de violencia donde un grupo de manifestantes empezaron a derribar las vallas, tirar piedras y agredir a la Polic\u00eda. Tenemos 12 polic\u00edas que fueron heridos y terminaron en el hospital\u201d. Rodr\u00edguez Larreta afirm\u00f3 que la Polic\u00eda de la Ciudad \u201cactu\u00f3 con firmeza, con determinaci\u00f3n y con profesionalismo\u201d.<\/p>\n<p>Y agreg\u00f3: \u201cEn la Ciudad la violencia es el l\u00edmite. No lo vamos a permitir. Siempre que la haya, la Polic\u00eda de la Ciudad va a actuar\u201d. El Jefe de Gobierno resalt\u00f3 que la Polic\u00eda de la Ciudad \u201ctrabaja para cuidar a todos los argentinos que viven, transitan o trabajan en la Ciudad\u201d y es la fuerza \u201cque ha logrado tener los \u00edndices de delito m\u00e1s bajos en la historia\u201d. El Jefe de Gobierno se\u00f1al\u00f3 que \u201cestamos viviendo un momento bisagra en nuestra historia, con la oportunidad de dejar atr\u00e1s a la Argentina de la grieta, de las divisiones y de los enfrentamientos permanentes\u201d. Y concluy\u00f3: \u201cCon todos los miembros de Juntos por el Cambio, estamos comprometidos en seguir trabajando por la paz social. Y siempre vamos a defender la Paz y la Rep\u00fablica\u201d.<\/p>\n","protected":false},"excerpt":{"rendered":"<p>El jefe de Gobierno porte\u00f1o, Horacio Rodr\u00edguez Larreta, se refiri\u00f3 a los hechos registrados este s\u00e1bado en Recoleta, en las inmediaciones del domicilio de la Vicepresidenta, Cristina Fern\u00e1ndez de Kirchner, y remarc\u00f3 que \u201cla violencia es el l\u00edmite\u201d. Rodr\u00edguez Larreta explic\u00f3 que \u201clo que inicialmente era una expresi\u00f3n de apoyo se convirti\u00f3 en un acampe [&hellip;]<\/p>\n","protected":false},"author":2,"featured_media":40079,"comment_status":"open","ping_status":"open","sticky":false,"template":"","format":"standard","meta":{"_et_pb_use_builder":"","_et_pb_old_content":"","_et_gb_content_width":"","footnotes":""},"categories":[11,33],"tags":[],"class_list":["post-40078","post","type-post","status-publish","format-standard","has-post-thumbnail","hentry","category-ciudad","category-sociedad-y-cultura-2"],"_links":{"self":[{"href":"https:\/\/vocesdebaires.com.ar\/index.php\/wp-json\/wp\/v2\/posts\/40078"}],"collection":[{"href":"https:\/\/vocesdebaires.com.ar\/index.php\/wp-json\/wp\/v2\/posts"}],"about":[{"href":"https:\/\/vocesdebaires.com.ar\/index.php\/wp-json\/wp\/v2\/types\/post"}],"author":[{"embeddable":true,"href":"https:\/\/vocesdebaires.com.ar\/index.php\/wp-json\/wp\/v2\/users\/2"}],"replies":[{"embeddable":true,"href":"https:\/\/vocesdebaires.com.ar\/index.php\/wp-json\/wp\/v2\/comments?post=40078"}],"version-history":[{"count":1,"href":"https:\/\/vocesdebaires.com.ar\/index.php\/wp-json\/wp\/v2\/posts\/40078\/revisions"}],"predecessor-version":[{"id":40080,"href":"https:\/\/vocesdebaires.com.ar\/index.php\/wp-json\/wp\/v2\/posts\/40078\/revisions\/40080"}],"wp:featuredmedia":[{"embeddable":true,"href":"https:\/\/vocesdebaires.com.ar\/index.php\/wp-json\/wp\/v2\/media\/40079"}],"wp:attachment":[{"href":"https:\/\/vocesdebaires.com.ar\/index.php\/wp-json\/wp\/v2\/media?parent=40078"}],"wp:term":[{"taxonomy":"category","embeddable":true,"href":"https:\/\/vocesdebaires.com.ar\/index.php\/wp-json\/wp\/v2\/categories?post=40078"},{"taxonomy":"post_tag","embeddable":true,"href":"https:\/\/vocesdebaires.com.ar\/index.php\/wp-json\/wp\/v2\/tags?post=40078"}],"curies":[{"name":"wp","href":"https:\/\/api.w.org\/{rel}","templated":true}]}}