{"id":40091,"date":"2022-08-30T00:25:10","date_gmt":"2022-08-30T03:25:10","guid":{"rendered":"https:\/\/vocesdebaires.com.ar\/?p=40091"},"modified":"2022-08-30T00:25:10","modified_gmt":"2022-08-30T03:25:10","slug":"larreta-con-los-policias-que-fueron-heridos-en-la-recoleta","status":"publish","type":"post","link":"https:\/\/vocesdebaires.com.ar\/index.php\/2022\/08\/30\/larreta-con-los-policias-que-fueron-heridos-en-la-recoleta\/","title":{"rendered":"Larreta con los polic\u00edas que fueron heridos en la Recoleta"},"content":{"rendered":"<p>El jefe de Gobierno de la Ciudad, Horacio Rodr\u00edguez Larreta, visit\u00f3 ayer lunes a la las m\u00e1ximas autoridades de la Polic\u00eda de la Ciudad y juntos analizaron los incidentes que se produjeron el pasado s\u00e1bado en las inmediaciones del domicilio de la vicepresidenta Cristina Fern\u00e1ndez de Kirchner. Rodr\u00edguez Larreta convers\u00f3 con los comisarios Jorge Azzolina, Vanesa Etchezuri y Diego Dante Ortiz, con quienes reconstruy\u00f3 los hechos ocurridos en el barrio de Recoleta.<\/p>\n<p>De la actividad tambi\u00e9n participaron el jefe de Gabinete, Felipe Miguel, el ministro de Gobierno, Jorge Macri, y el jefe y subjefe de la Polic\u00eda de la Ciudad, Gabriel Berard y Pedro Carnero, respectivamente. El ministro de Justicia y Seguridad, Marcelo D&#8217;Alessandro, supervis\u00f3 durante la tarde los operativos que se realizaron en Recoleta.<\/p>\n<p>Rodr\u00edguez Larreta afirm\u00f3 que \u201dla Polic\u00eda de la Ciudad actu\u00f3 con firmeza, determinaci\u00f3n y profesionalismo\u201d. Y agreg\u00f3: \u201cEn la Ciudad la violencia es el l\u00edmite. No lo vamos a permitir. Siempre que la haya, la Polic\u00eda de la Ciudad va a actuar\u201d. El Jefe de Gobierno resalt\u00f3 que la Polic\u00eda de la Ciudad \u201ccuida a todos los argentinos que viven, transitan o trabajan en la Ciudad\u201d y es la fuerza \u201cque ha logrado tener los \u00edndices de delito m\u00e1s bajos en la historia\u201d.<\/p>\n<p>El listado de polic\u00edas heridos es el siguiente:<br \/>\n1 Oficial Dami\u00e1n Esp\u00edndola.<br \/>\n2 Oficial Ricardo Mamani.<br \/>\n3 Oficial Aldo Garc\u00eda.<br \/>\n4 Oficial Angela Gonz\u00e1lez.<br \/>\n5 Principal Eduardo Carril.<br \/>\n6 Oficial Jos\u00e9 Reinoso.<br \/>\n7 Oficial Lucas Canteros.<br \/>\n8 Oficial Rolando D\u00edaz.<br \/>\n9 Oficial Mayor Gustavo Liva.<br \/>\n10 Personal de Comisar\u00eda Vecinal 2B: derivados al Hospital Churruca.<br \/>\n11 Oficial Micaela Correa.<br \/>\n12 Personal de Comisar\u00eda 14C: derivados al Hospital Churruca.<br \/>\n13 Oficial Cristian Alejandro Pereyra.<br \/>\n14 Oficial Clarines Dauenheimer.<\/p>\n<p>Fotos: Walter Carrera\/GCBA<\/p>\n","protected":false},"excerpt":{"rendered":"<p>El jefe de Gobierno de la Ciudad, Horacio Rodr\u00edguez Larreta, visit\u00f3 ayer lunes a la las m\u00e1ximas autoridades de la Polic\u00eda de la Ciudad y juntos analizaron los incidentes que se produjeron el pasado s\u00e1bado en las inmediaciones del domicilio de la vicepresidenta Cristina Fern\u00e1ndez de Kirchner. Rodr\u00edguez Larreta convers\u00f3 con los comisarios Jorge Azzolina, [&hellip;]<\/p>\n","protected":false},"author":3,"featured_media":40092,"comment_status":"open","ping_status":"open","sticky":false,"template":"","format":"standard","meta":{"_et_pb_use_builder":"","_et_pb_old_content":"","_et_gb_content_width":"","footnotes":""},"categories":[11,33],"tags":[],"class_list":["post-40091","post","type-post","status-publish","format-standard","has-post-thumbnail","hentry","category-ciudad","category-sociedad-y-cultura-2"],"_links":{"self":[{"href":"https:\/\/vocesdebaires.com.ar\/index.php\/wp-json\/wp\/v2\/posts\/40091"}],"collection":[{"href":"https:\/\/vocesdebaires.com.ar\/index.php\/wp-json\/wp\/v2\/posts"}],"about":[{"href":"https:\/\/vocesdebaires.com.ar\/index.php\/wp-json\/wp\/v2\/types\/post"}],"author":[{"embeddable":true,"href":"https:\/\/vocesdebaires.com.ar\/index.php\/wp-json\/wp\/v2\/users\/3"}],"replies":[{"embeddable":true,"href":"https:\/\/vocesdebaires.com.ar\/index.php\/wp-json\/wp\/v2\/comments?post=40091"}],"version-history":[{"count":1,"href":"https:\/\/vocesdebaires.com.ar\/index.php\/wp-json\/wp\/v2\/posts\/40091\/revisions"}],"predecessor-version":[{"id":40093,"href":"https:\/\/vocesdebaires.com.ar\/index.php\/wp-json\/wp\/v2\/posts\/40091\/revisions\/40093"}],"wp:featuredmedia":[{"embeddable":true,"href":"https:\/\/vocesdebaires.com.ar\/index.php\/wp-json\/wp\/v2\/media\/40092"}],"wp:attachment":[{"href":"https:\/\/vocesdebaires.com.ar\/index.php\/wp-json\/wp\/v2\/media?parent=40091"}],"wp:term":[{"taxonomy":"category","embeddable":true,"href":"https:\/\/vocesdebaires.com.ar\/index.php\/wp-json\/wp\/v2\/categories?post=40091"},{"taxonomy":"post_tag","embeddable":true,"href":"https:\/\/vocesdebaires.com.ar\/index.php\/wp-json\/wp\/v2\/tags?post=40091"}],"curies":[{"name":"wp","href":"https:\/\/api.w.org\/{rel}","templated":true}]}}