{"id":40094,"date":"2022-08-30T00:30:42","date_gmt":"2022-08-30T03:30:42","guid":{"rendered":"https:\/\/vocesdebaires.com.ar\/?p=40094"},"modified":"2022-08-30T00:30:42","modified_gmt":"2022-08-30T03:30:42","slug":"c-c-ari-alerta-sobre-el-grave-riesgo-institucional-en-san-juan","status":"publish","type":"post","link":"https:\/\/vocesdebaires.com.ar\/index.php\/2022\/08\/30\/c-c-ari-alerta-sobre-el-grave-riesgo-institucional-en-san-juan\/","title":{"rendered":"C.C ARI: Alerta sobre el grave riesgo institucional en San Juan"},"content":{"rendered":"<p>La Coalici\u00f3n C\u00edvica ARI alert\u00f3 sobre el grave riesgo institucional ante la posible reforma electoral para reinstaurar un mecanismo similar a la Ley de Lemas. \u201cEl gobernador Sergio U\u00f1ac quiere una reforma electoral para perpetuarse en el poder\u201d, advirti\u00f3 la CC ARI y asegur\u00f3 que \u00abuna eventual reforma es un mecanismo que atenta contra la transparencia y la continuidad de las reglas existentes\u201d.Las autoridades partidarias afirmaron que en la Provincia \u201cno existi\u00f3 ning\u00fan tipo de consenso con los partidos que tienen representaci\u00f3n parlamentaria y el PJ ni siquiera acepta el tratamiento de la Boleta \u00danica para lograr una mayor transparencia\u201d al proceso electoral en vista a los pr\u00f3ximos comicios.<\/p>\n<p>\u201cLe pedimos al Gobernador que respete la Constituci\u00f3n provincial, la misma establece el voto directo para gobernador e intendente\u201d, se\u00f1alaron. \u201cEl oficialismo sanjuanino quiere perpetuarse en el poder utilizando en beneficio propio la confusi\u00f3n que van a generar en el electorado\u201d, advirtieron y aseguraron que \u201cU\u00f1ac quiere seguir el modelo intempestivo que utiliza el kirchnerismo para mantener un cargo\u201d.<\/p>\n<p>\u201cNos preocupa que San Juan se est\u00e9 implementando un sistema contrario al del voto popular con la incorporaci\u00f3n de la ley de lemas. Por eso insistimos en la necesidad de tratar de manera urgente el tratamiento del proyecto de Boleta \u00danica en el Senado\u201d, reclamaron desde la CC ARI y recordaron que \u201cen la d\u00e9cada del 90 fue derogado el sistema de Lemas\u201d y finalizaron que \u201cno se puede modificar el sistema electoral 18 meses antes de la elecci\u00f3n\u201d.<\/p>\n","protected":false},"excerpt":{"rendered":"<p>La Coalici\u00f3n C\u00edvica ARI alert\u00f3 sobre el grave riesgo institucional ante la posible reforma electoral para reinstaurar un mecanismo similar a la Ley de Lemas. \u201cEl gobernador Sergio U\u00f1ac quiere una reforma electoral para perpetuarse en el poder\u201d, advirti\u00f3 la CC ARI y asegur\u00f3 que \u00abuna eventual reforma es un mecanismo que atenta contra la [&hellip;]<\/p>\n","protected":false},"author":3,"featured_media":39405,"comment_status":"open","ping_status":"open","sticky":false,"template":"","format":"standard","meta":{"_et_pb_use_builder":"","_et_pb_old_content":"","_et_gb_content_width":"","footnotes":""},"categories":[34,13],"tags":[],"class_list":["post-40094","post","type-post","status-publish","format-standard","has-post-thumbnail","hentry","category-politica","category-provincia"],"_links":{"self":[{"href":"https:\/\/vocesdebaires.com.ar\/index.php\/wp-json\/wp\/v2\/posts\/40094"}],"collection":[{"href":"https:\/\/vocesdebaires.com.ar\/index.php\/wp-json\/wp\/v2\/posts"}],"about":[{"href":"https:\/\/vocesdebaires.com.ar\/index.php\/wp-json\/wp\/v2\/types\/post"}],"author":[{"embeddable":true,"href":"https:\/\/vocesdebaires.com.ar\/index.php\/wp-json\/wp\/v2\/users\/3"}],"replies":[{"embeddable":true,"href":"https:\/\/vocesdebaires.com.ar\/index.php\/wp-json\/wp\/v2\/comments?post=40094"}],"version-history":[{"count":1,"href":"https:\/\/vocesdebaires.com.ar\/index.php\/wp-json\/wp\/v2\/posts\/40094\/revisions"}],"predecessor-version":[{"id":40095,"href":"https:\/\/vocesdebaires.com.ar\/index.php\/wp-json\/wp\/v2\/posts\/40094\/revisions\/40095"}],"wp:featuredmedia":[{"embeddable":true,"href":"https:\/\/vocesdebaires.com.ar\/index.php\/wp-json\/wp\/v2\/media\/39405"}],"wp:attachment":[{"href":"https:\/\/vocesdebaires.com.ar\/index.php\/wp-json\/wp\/v2\/media?parent=40094"}],"wp:term":[{"taxonomy":"category","embeddable":true,"href":"https:\/\/vocesdebaires.com.ar\/index.php\/wp-json\/wp\/v2\/categories?post=40094"},{"taxonomy":"post_tag","embeddable":true,"href":"https:\/\/vocesdebaires.com.ar\/index.php\/wp-json\/wp\/v2\/tags?post=40094"}],"curies":[{"name":"wp","href":"https:\/\/api.w.org\/{rel}","templated":true}]}}