{"id":40096,"date":"2022-08-30T00:33:53","date_gmt":"2022-08-30T03:33:53","guid":{"rendered":"https:\/\/vocesdebaires.com.ar\/?p=40096"},"modified":"2022-08-30T00:33:53","modified_gmt":"2022-08-30T03:33:53","slug":"ciudad-s-o-s-un-amigo-anonimo-de-interes-para-la-comunicacion-social","status":"publish","type":"post","link":"https:\/\/vocesdebaires.com.ar\/index.php\/2022\/08\/30\/ciudad-s-o-s-un-amigo-anonimo-de-interes-para-la-comunicacion-social\/","title":{"rendered":"Ciudad: S.O.S Un Amigo An\u00f3nimo, de inter\u00e9s para la Comunicaci\u00f3n Social"},"content":{"rendered":"<p>El sal\u00f3n \u00abCiudad de Montevideo\u00bb de la Legislatura fue el escenario en el que ayer lunes por la tarde se llev\u00f3 a cabo el acto donde se entreg\u00f3 el diploma de inter\u00e9s para la Comunicaci\u00f3n Social a la Asociaci\u00f3n Civil \u201cS.O.S UN AMIGO AN\u00d3NIMO\u201d.Participaron del evento la promotora de la distinci\u00f3n,la legisladora Natalia Fidel (VJ); el hijo de uno de los fundadores de la instituci\u00f3n, Marcelo Taussik; la periodista y madrina, Fanny Mandelbaum; la voluntaria y presidenta honoraria, Nelly Feldman; la voluntaria y community manager, Marcela Smetanka y la presidenta de la agrupaci\u00f3n Evelina Srodek.<\/p>\n<p>\u201cPara m\u00ed es un orgullo representar a la Legislatura de la Ciudad y darles la bienvenida en la casa de todos los porte\u00f1os y la casa de la democracia\u201d, manifest\u00f3 en su alocuci\u00f3n la legisladora. Explic\u00f3 que actualmente estamos en un momento donde \u201chay una necesidad de la escucha activa\u201d, en relaci\u00f3n a lo sucedido durante la pasada pandemia, y resalt\u00f3 el trabajo realizado desde la sede legislativa hacia los adultos mayores.<\/p>\n<p>\u201cTodos sabemos lo que gener\u00f3 la pandemia en nosotros. Y en c\u00f3mo puso en el centro de la escena a la salud mental, como una de las problem\u00e1ticas p\u00fablicas m\u00e1s importantes que debemos atender\u201d, agreg\u00f3 Fidel. Luego, Taussik remarc\u00f3 que el objetivo de la instituci\u00f3n es escuchar. \u201cNecesitamos ayuda y otros pueden darla. Y los que dan, saben que es mucho m\u00e1s lindo dar que recibir\u201d, asegur\u00f3. A su vez, Mandelbaum record\u00f3 c\u00f3mo conoci\u00f3 la organizaci\u00f3n a trav\u00e9s de una amiga sobreviviente del ghetto de Varsovia. Mientras que Feldman rememor\u00f3 cuando habl\u00f3 de la asociaci\u00f3n ante<\/p>\n<p>muchas personas. En tanto Smetanka inform\u00f3 de los avances tecnol\u00f3gicos llevados a cabo en los \u00faltimos a\u00f1os. Finalmente, Srodek agradeci\u00f3 a la Legislatura y a todo el cuerpo de voluntarios y especialistas de la organizaci\u00f3n.\u00a0 \u201cEste reconocimiento nos impulsa a seguir adelante con m\u00e1s ganas a\u00fan\u201d, concluy\u00f3 la presidenta de la instituci\u00f3n. \u201cS.O.S. Un amigo an\u00f3nimo\u201d fue fundada en 1972. Pablo e Ilse Taussik tomaron como ejemplo las l\u00edneas telef\u00f3nicas de ayuda, que surgieron en Europa despu\u00e9s de la Segunda Guerra Mundial. En sus 50 a\u00f1os de vida ininterrumpida atendieron m\u00e1s de 350 mil llamados.<\/p>\n<p>Tambi\u00e9n ayudaron en la creaci\u00f3n de la l\u00ednea telef\u00f3nica \u201cS.O.S. ESCUCHA\u201d, de Santiago de Chile y participaron en jornadas y encuentros nacionales e internacionales sobre operadores telef\u00f3nicos. Su trabajo recibi\u00f3 el premio otorgado por La Liga de Madres de Familia. La Asociaci\u00f3n brinda capacitaci\u00f3n constante a voluntarios. Principalmente el curso a cargo de un psic\u00f3logo, en el que se abordan los distintos temas que tienen que ver con las pautas de atenci\u00f3n telef\u00f3nica como el anonimato, la gratuidad, el respeto por las ideas del llamador y las diversas patolog\u00edas psicol\u00f3gicas, adem\u00e1s de pr\u00e1cticas y role-plays. En su atenci\u00f3n se incluyen el aprendizaje para el tratamiento con personas de intento suicida como tambi\u00e9n a los afectados por un suicidio, ya sea por parte de familiares, amigos, compa\u00f1eros u otras personas.<\/p>\n","protected":false},"excerpt":{"rendered":"<p>El sal\u00f3n \u00abCiudad de Montevideo\u00bb de la Legislatura fue el escenario en el que ayer lunes por la tarde se llev\u00f3 a cabo el acto donde se entreg\u00f3 el diploma de inter\u00e9s para la Comunicaci\u00f3n Social a la Asociaci\u00f3n Civil \u201cS.O.S UN AMIGO AN\u00d3NIMO\u201d.Participaron del evento la promotora de la distinci\u00f3n,la legisladora Natalia Fidel (VJ); [&hellip;]<\/p>\n","protected":false},"author":2,"featured_media":40097,"comment_status":"open","ping_status":"open","sticky":false,"template":"","format":"standard","meta":{"_et_pb_use_builder":"","_et_pb_old_content":"","_et_gb_content_width":"","footnotes":""},"categories":[11,33],"tags":[],"class_list":["post-40096","post","type-post","status-publish","format-standard","has-post-thumbnail","hentry","category-ciudad","category-sociedad-y-cultura-2"],"_links":{"self":[{"href":"https:\/\/vocesdebaires.com.ar\/index.php\/wp-json\/wp\/v2\/posts\/40096"}],"collection":[{"href":"https:\/\/vocesdebaires.com.ar\/index.php\/wp-json\/wp\/v2\/posts"}],"about":[{"href":"https:\/\/vocesdebaires.com.ar\/index.php\/wp-json\/wp\/v2\/types\/post"}],"author":[{"embeddable":true,"href":"https:\/\/vocesdebaires.com.ar\/index.php\/wp-json\/wp\/v2\/users\/2"}],"replies":[{"embeddable":true,"href":"https:\/\/vocesdebaires.com.ar\/index.php\/wp-json\/wp\/v2\/comments?post=40096"}],"version-history":[{"count":1,"href":"https:\/\/vocesdebaires.com.ar\/index.php\/wp-json\/wp\/v2\/posts\/40096\/revisions"}],"predecessor-version":[{"id":40098,"href":"https:\/\/vocesdebaires.com.ar\/index.php\/wp-json\/wp\/v2\/posts\/40096\/revisions\/40098"}],"wp:featuredmedia":[{"embeddable":true,"href":"https:\/\/vocesdebaires.com.ar\/index.php\/wp-json\/wp\/v2\/media\/40097"}],"wp:attachment":[{"href":"https:\/\/vocesdebaires.com.ar\/index.php\/wp-json\/wp\/v2\/media?parent=40096"}],"wp:term":[{"taxonomy":"category","embeddable":true,"href":"https:\/\/vocesdebaires.com.ar\/index.php\/wp-json\/wp\/v2\/categories?post=40096"},{"taxonomy":"post_tag","embeddable":true,"href":"https:\/\/vocesdebaires.com.ar\/index.php\/wp-json\/wp\/v2\/tags?post=40096"}],"curies":[{"name":"wp","href":"https:\/\/api.w.org\/{rel}","templated":true}]}}