{"id":40099,"date":"2022-08-30T00:38:09","date_gmt":"2022-08-30T03:38:09","guid":{"rendered":"https:\/\/vocesdebaires.com.ar\/?p=40099"},"modified":"2022-08-30T00:38:09","modified_gmt":"2022-08-30T03:38:09","slug":"argentina-camino-al-2023llega-el-8vo-latam-economic-forum","status":"publish","type":"post","link":"https:\/\/vocesdebaires.com.ar\/index.php\/2022\/08\/30\/argentina-camino-al-2023llega-el-8vo-latam-economic-forum\/","title":{"rendered":"Argentina camino al 2023:Llega el 8vo Latam Economic Forum"},"content":{"rendered":"<p>Solo dos d\u00edas para el gran Latam Economic Forum en su 8va edici\u00f3n, sera el jueves 1\u00ba de septiembre en el Hotel Alvear &#8211; Ciudad de Buenos Aires El evento es a total beneficio de la Cooperadora del Hospital de Ni\u00f1os Ricardo Guti\u00e9rrez y La Fundaci\u00f3n de Acci\u00f3n Social de Jabad. Los disertantes son de lujo estar\u00e1 el jefe de gabinete de la Naci\u00f3n Juan Luis Manzur , el prestigioso y reconocido economista Martin Redrado , es una reconocida consultara\u00a0 Marina Dal Poggetto , el opin\u00f2logo Sergio Berensztein, opin\u00f2logo Gustavo Marangoni, Patricia Bullrich, un prestigioso economista Claudio Zuchovicki , Dar\u00edo Epstein.<\/p>\n","protected":false},"excerpt":{"rendered":"<p>Solo dos d\u00edas para el gran Latam Economic Forum en su 8va edici\u00f3n, sera el jueves 1\u00ba de septiembre en el Hotel Alvear &#8211; Ciudad de Buenos Aires El evento es a total beneficio de la Cooperadora del Hospital de Ni\u00f1os Ricardo Guti\u00e9rrez y La Fundaci\u00f3n de Acci\u00f3n Social de Jabad. Los disertantes son de [&hellip;]<\/p>\n","protected":false},"author":2,"featured_media":40100,"comment_status":"open","ping_status":"open","sticky":false,"template":"","format":"standard","meta":{"_et_pb_use_builder":"","_et_pb_old_content":"","_et_gb_content_width":"","footnotes":""},"categories":[11,33],"tags":[],"class_list":["post-40099","post","type-post","status-publish","format-standard","has-post-thumbnail","hentry","category-ciudad","category-sociedad-y-cultura-2"],"_links":{"self":[{"href":"https:\/\/vocesdebaires.com.ar\/index.php\/wp-json\/wp\/v2\/posts\/40099"}],"collection":[{"href":"https:\/\/vocesdebaires.com.ar\/index.php\/wp-json\/wp\/v2\/posts"}],"about":[{"href":"https:\/\/vocesdebaires.com.ar\/index.php\/wp-json\/wp\/v2\/types\/post"}],"author":[{"embeddable":true,"href":"https:\/\/vocesdebaires.com.ar\/index.php\/wp-json\/wp\/v2\/users\/2"}],"replies":[{"embeddable":true,"href":"https:\/\/vocesdebaires.com.ar\/index.php\/wp-json\/wp\/v2\/comments?post=40099"}],"version-history":[{"count":1,"href":"https:\/\/vocesdebaires.com.ar\/index.php\/wp-json\/wp\/v2\/posts\/40099\/revisions"}],"predecessor-version":[{"id":40101,"href":"https:\/\/vocesdebaires.com.ar\/index.php\/wp-json\/wp\/v2\/posts\/40099\/revisions\/40101"}],"wp:featuredmedia":[{"embeddable":true,"href":"https:\/\/vocesdebaires.com.ar\/index.php\/wp-json\/wp\/v2\/media\/40100"}],"wp:attachment":[{"href":"https:\/\/vocesdebaires.com.ar\/index.php\/wp-json\/wp\/v2\/media?parent=40099"}],"wp:term":[{"taxonomy":"category","embeddable":true,"href":"https:\/\/vocesdebaires.com.ar\/index.php\/wp-json\/wp\/v2\/categories?post=40099"},{"taxonomy":"post_tag","embeddable":true,"href":"https:\/\/vocesdebaires.com.ar\/index.php\/wp-json\/wp\/v2\/tags?post=40099"}],"curies":[{"name":"wp","href":"https:\/\/api.w.org\/{rel}","templated":true}]}}