{"id":40102,"date":"2022-08-30T00:40:14","date_gmt":"2022-08-30T03:40:14","guid":{"rendered":"https:\/\/vocesdebaires.com.ar\/?p=40102"},"modified":"2022-08-30T00:40:14","modified_gmt":"2022-08-30T03:40:14","slug":"donald-declarado-personalidad-destacada-de-la-cultura-en-la-ciudad","status":"publish","type":"post","link":"https:\/\/vocesdebaires.com.ar\/index.php\/2022\/08\/30\/donald-declarado-personalidad-destacada-de-la-cultura-en-la-ciudad\/","title":{"rendered":"Donald, declarado Personalidad Destacada de la Cultura en la Ciudad"},"content":{"rendered":"<p>El cantautor Donald Clifton McCluskey -conocido popularmente como Donald- recibi\u00f3 ayer lunes por la tarde la distinci\u00f3n que lo reconoce como Personalidad Destacada de la Ciudad Aut\u00f3noma de Buenos Aires en el \u00e1mbito de la Cultura. La premiaci\u00f3n se llev\u00f3 a cabo en el sal\u00f3n Dorado y cont\u00f3 con la presencia del legislador vicepresidente 3\u00b0 del Cuerpo Parlamentario y autor del proyecto, el legislador porte\u00f1o Roy Cortina (PS); el ministro de Cultura porte\u00f1o, Enrique Avogadro; el m\u00fasico C\u00e9sar \u201cBanana\u201d Pueyrred\u00f3n, el polit\u00f3logo Leopoldo Buderaqui y el homenajeado.<\/p>\n<p>Previo a la entrega,el legislador Roy Cortina repas\u00f3 la carrera del m\u00fasico y catalog\u00f3 a \u00abSucundum\u00bb como uno de los m\u00e1s grandes himnos populares de todos los argentinos. \u201cDonald se convirti\u00f3 en una parte importante del patrimonio sonoro de nuestra ciudad y nuestro pa\u00eds\u201d, resalt\u00f3 el legislador. Y calific\u00f3 al artista como un \u201c\u00edcono popular\u201d que dej\u00f3 su huella en el imaginario colectivo. Donald cant\u00f3 un fragmento de \u00abVivo en un mundo feliz\u00bb y afirm\u00f3 que \u201cesta distinci\u00f3n es un mimo al alma que me da hoy la Legislatura de la Ciudad\u201d. Tambi\u00e9n agradeci\u00f3 a sus familiares, amigos y colegas de carrera.<\/p>\n<p>\u201cEsta ceremonia es muy necesaria porque estamos homenajeando sin ninguna duda a uno de nuestros grandes \u00eddolos de la cultura popular argentina\u201d, declar\u00f3 Avogadro. El ministro tambi\u00e9n aludi\u00f3 a que el artista es un defensor de la alegr\u00eda y en este sentido refiri\u00f3 al c\u00e9lebre poema hecho canci\u00f3n \u00abDefensa de la alegr\u00eda\u00bb perteneciente al uruguayo Mario Benedetti. Por su parte, Leopoldo Buderaqui subray\u00f3 que su vida estuvo atravesada por la obra de Donald. \u201cDonald me transmiti\u00f3 el placer de hacer m\u00fasica. Ese disfrute que compart\u00ed con \u00e9l en muchos escenarios\u201d, coment\u00f3 Pueyrred\u00f3n. Y concluy\u00f3: \u201cCon \u00e9l aprend\u00ed la sencilla belleza de ese swing optimista\u201d.<\/p>\n<p>La vida de Donald siempre estuvo ligada a la m\u00fasica, ya que es hijo del jazzista estadounidense Don Dean. A los catorce a\u00f1os har\u00eda su debut como cantante en el \u00abShow de Antonio Prieto\u00bb, que en ese momento se transmit\u00eda por Canal 13. En 1963 fue seleccionado para integrar el elenco estable de \u00abRitmo y Juventud\u00bb, un ciclo de Canal 11 que se anticip\u00f3 al \u00e9xito del \u00abClub del Clan\u00bb.<\/p>\n<p>Sin embargo, el verdadero \u00e9xito llegar\u00eda cinco a\u00f1os despu\u00e9s, cuando produjo bajo el sello RCA V\u00edctor la canci\u00f3n \u00abTiritando\u00bb. El tema, escrito por Nono Pugliese, originalmente era un rock lento al que Donald modific\u00f3 el ritmo y llam\u00f3 \u201cSucundum\u201d. Desde ese momento, aquella melod\u00eda tan definida se convirti\u00f3 en una marca registrada del artista, que a\u00fan hoy se encuentra arraigada en la memoria colectiva de los argentinos. Luego de ese fen\u00f3meno, Donald comenz\u00f3 a ser reconocido como uno de los artistas populares m\u00e1s importantes del momento y logr\u00f3 sumar otros grandes \u00e9xitos musicales.<\/p>\n","protected":false},"excerpt":{"rendered":"<p>El cantautor Donald Clifton McCluskey -conocido popularmente como Donald- recibi\u00f3 ayer lunes por la tarde la distinci\u00f3n que lo reconoce como Personalidad Destacada de la Ciudad Aut\u00f3noma de Buenos Aires en el \u00e1mbito de la Cultura. La premiaci\u00f3n se llev\u00f3 a cabo en el sal\u00f3n Dorado y cont\u00f3 con la presencia del legislador vicepresidente 3\u00b0 [&hellip;]<\/p>\n","protected":false},"author":2,"featured_media":40103,"comment_status":"open","ping_status":"open","sticky":false,"template":"","format":"standard","meta":{"_et_pb_use_builder":"","_et_pb_old_content":"","_et_gb_content_width":"","footnotes":""},"categories":[11,33],"tags":[],"class_list":["post-40102","post","type-post","status-publish","format-standard","has-post-thumbnail","hentry","category-ciudad","category-sociedad-y-cultura-2"],"_links":{"self":[{"href":"https:\/\/vocesdebaires.com.ar\/index.php\/wp-json\/wp\/v2\/posts\/40102"}],"collection":[{"href":"https:\/\/vocesdebaires.com.ar\/index.php\/wp-json\/wp\/v2\/posts"}],"about":[{"href":"https:\/\/vocesdebaires.com.ar\/index.php\/wp-json\/wp\/v2\/types\/post"}],"author":[{"embeddable":true,"href":"https:\/\/vocesdebaires.com.ar\/index.php\/wp-json\/wp\/v2\/users\/2"}],"replies":[{"embeddable":true,"href":"https:\/\/vocesdebaires.com.ar\/index.php\/wp-json\/wp\/v2\/comments?post=40102"}],"version-history":[{"count":1,"href":"https:\/\/vocesdebaires.com.ar\/index.php\/wp-json\/wp\/v2\/posts\/40102\/revisions"}],"predecessor-version":[{"id":40104,"href":"https:\/\/vocesdebaires.com.ar\/index.php\/wp-json\/wp\/v2\/posts\/40102\/revisions\/40104"}],"wp:featuredmedia":[{"embeddable":true,"href":"https:\/\/vocesdebaires.com.ar\/index.php\/wp-json\/wp\/v2\/media\/40103"}],"wp:attachment":[{"href":"https:\/\/vocesdebaires.com.ar\/index.php\/wp-json\/wp\/v2\/media?parent=40102"}],"wp:term":[{"taxonomy":"category","embeddable":true,"href":"https:\/\/vocesdebaires.com.ar\/index.php\/wp-json\/wp\/v2\/categories?post=40102"},{"taxonomy":"post_tag","embeddable":true,"href":"https:\/\/vocesdebaires.com.ar\/index.php\/wp-json\/wp\/v2\/tags?post=40102"}],"curies":[{"name":"wp","href":"https:\/\/api.w.org\/{rel}","templated":true}]}}