{"id":40109,"date":"2022-08-31T00:00:25","date_gmt":"2022-08-31T03:00:25","guid":{"rendered":"https:\/\/vocesdebaires.com.ar\/?p=40109"},"modified":"2022-08-30T22:34:21","modified_gmt":"2022-08-31T01:34:21","slug":"en-la-ciudadinscripciones-abiertas-a-200-talleres-gratuitos","status":"publish","type":"post","link":"https:\/\/vocesdebaires.com.ar\/index.php\/2022\/08\/31\/en-la-ciudadinscripciones-abiertas-a-200-talleres-gratuitos\/","title":{"rendered":"En la ciudad:Inscripciones abiertas a 200 talleres gratuitos"},"content":{"rendered":"<p>\u00bfQuer\u00e9s arrancar algo nuevo? \u00a1Esta es tu oportunidad!. Comienzan las inscripciones a 200 talleres gratuitos en distintos puntos de la Ciudad. Pod\u00e9s aprender pl\u00e1stica, danza, comunicaci\u00f3n, teatro, literatura, folklore, cultura afro, circo y m\u00fasica, entre otras disciplinas. Hay opciones para todos los gustos y edades, con clases presenciales y virtuales. Pod\u00e9s anotarte del 22 de agosto al 2 de septiembre, entrando al portal de inscripciones. \u00a1Sumate a los talleres y Explor\u00e1 tu lado art\u00edstico!<\/p>\n<p><strong>Conoc\u00e9 los programas que participan en estas inscripciones:<\/strong><br \/>\nFeria de Mataderos: Los talleres de la Feria te proponen aprender lo mejor de nuestra cultura para conectarte con nuestras tradiciones: una oportunidad para aprender tango, folklore, guitarra, sikus y taller de telar para elaborar productos manufacturados de nuestra regi\u00f3n.<br \/>\nPrograma Afrocultural: En estos talleres vas a aprender y profundizar los conocimientos culturales dentro de la comunidad afrodescendiente. En esta oportunidad se destacan talleres como percusi\u00f3n, lutheria afro, toques de orix\u00e1s y capoeira angola, entre otras propuestas.<br \/>\nPolo Circo: La Escuela de Circo Integral ofrece las herramientas necesarias para formarte como artista de circo, abarcando las distintas \u00e1reas de la disciplina. En las clases pod\u00e9s aprender malabares, t\u00e9cnicas de acrobacia de piso y elongaci\u00f3n, entre otros conocimientos.<br \/>\nCircuito de Espacios Culturales: En los talleres vas a participar de encuentros grupales, de frecuencia semanal, dictados por talleristas del CEC. Pod\u00e9s aprender teatro, danza, fotograf\u00eda, teatro, letras, comunicaci\u00f3n, artes pl\u00e1sticas, entre otras disciplinas.<\/p>\n<p><strong>Conoc\u00e9 los Espacios del Circuito:<\/strong><br \/>\nEspacio Cultural Carlos Gardel, Olleros 3640, Chacarita.<br \/>\nEspacio Cultural Chacra de los Remedios, Av. Directorio y Lacarra, Parque Avellaneda.<br \/>\nEspacio Cultural del Sur, Av. Caseros 1750, Barracas.<br \/>\nEspacio Cultural Ad\u00e1n Buenosayres, Av. Asamblea 1200, Parque Chacabuco.<br \/>\nEspacio Cultural Julio Centeya, Av. San Juan 3255, Boedo.<br \/>\nEspacio Cultural Marc\u00f3 del Pont, Artigas 202, Flores.<br \/>\nEspacio Cultural Resurgimiento, Gral. Artigas 2262, Villa del Parque.<\/p>\n","protected":false},"excerpt":{"rendered":"<p>\u00bfQuer\u00e9s arrancar algo nuevo? \u00a1Esta es tu oportunidad!. Comienzan las inscripciones a 200 talleres gratuitos en distintos puntos de la Ciudad. Pod\u00e9s aprender pl\u00e1stica, danza, comunicaci\u00f3n, teatro, literatura, folklore, cultura afro, circo y m\u00fasica, entre otras disciplinas. Hay opciones para todos los gustos y edades, con clases presenciales y virtuales. Pod\u00e9s anotarte del 22 de [&hellip;]<\/p>\n","protected":false},"author":3,"featured_media":40110,"comment_status":"open","ping_status":"open","sticky":false,"template":"","format":"standard","meta":{"_et_pb_use_builder":"","_et_pb_old_content":"","_et_gb_content_width":"","footnotes":""},"categories":[11,33],"tags":[],"class_list":["post-40109","post","type-post","status-publish","format-standard","has-post-thumbnail","hentry","category-ciudad","category-sociedad-y-cultura-2"],"_links":{"self":[{"href":"https:\/\/vocesdebaires.com.ar\/index.php\/wp-json\/wp\/v2\/posts\/40109"}],"collection":[{"href":"https:\/\/vocesdebaires.com.ar\/index.php\/wp-json\/wp\/v2\/posts"}],"about":[{"href":"https:\/\/vocesdebaires.com.ar\/index.php\/wp-json\/wp\/v2\/types\/post"}],"author":[{"embeddable":true,"href":"https:\/\/vocesdebaires.com.ar\/index.php\/wp-json\/wp\/v2\/users\/3"}],"replies":[{"embeddable":true,"href":"https:\/\/vocesdebaires.com.ar\/index.php\/wp-json\/wp\/v2\/comments?post=40109"}],"version-history":[{"count":1,"href":"https:\/\/vocesdebaires.com.ar\/index.php\/wp-json\/wp\/v2\/posts\/40109\/revisions"}],"predecessor-version":[{"id":40111,"href":"https:\/\/vocesdebaires.com.ar\/index.php\/wp-json\/wp\/v2\/posts\/40109\/revisions\/40111"}],"wp:featuredmedia":[{"embeddable":true,"href":"https:\/\/vocesdebaires.com.ar\/index.php\/wp-json\/wp\/v2\/media\/40110"}],"wp:attachment":[{"href":"https:\/\/vocesdebaires.com.ar\/index.php\/wp-json\/wp\/v2\/media?parent=40109"}],"wp:term":[{"taxonomy":"category","embeddable":true,"href":"https:\/\/vocesdebaires.com.ar\/index.php\/wp-json\/wp\/v2\/categories?post=40109"},{"taxonomy":"post_tag","embeddable":true,"href":"https:\/\/vocesdebaires.com.ar\/index.php\/wp-json\/wp\/v2\/tags?post=40109"}],"curies":[{"name":"wp","href":"https:\/\/api.w.org\/{rel}","templated":true}]}}