{"id":40112,"date":"2022-08-31T00:00:04","date_gmt":"2022-08-31T03:00:04","guid":{"rendered":"https:\/\/vocesdebaires.com.ar\/?p=40112"},"modified":"2022-08-30T22:39:56","modified_gmt":"2022-08-31T01:39:56","slug":"ciudadtango-ba-festival-y-mundial1-500-artistas-en-30-sedes","status":"publish","type":"post","link":"https:\/\/vocesdebaires.com.ar\/index.php\/2022\/08\/31\/ciudadtango-ba-festival-y-mundial1-500-artistas-en-30-sedes\/","title":{"rendered":"Ciudad:Tango BA Festival y Mundial,1.500 artistas en 30 sedes"},"content":{"rendered":"<p>La apertura del festival ser\u00e1 en el Auditorio de la Usina del Arte el martes 6 de septiembre a las 19:30 con Noche de Leyendas, un espect\u00e1culo dedicado a las grandes figuras del baile milonguero y a la bailarina Mar\u00eda Nieves en el d\u00eda de su cumplea\u00f1os 88. Nieves cre\u00f3 un estilo \u00fanico que llev\u00f3 el arrabal y la milonga a los escenarios m\u00e1s importantes del mundo. Dej\u00f3 un legado invaluable para las generaciones siguientes. Participar\u00e1n Julio Dupl\u00e1a, milonguero y escritor, que presentar\u00e1 una exhibici\u00f3n con parejas milongueras hist\u00f3ricas: Nilda y Luis Virtuani, Hayde\u00e9 y Oscar H\u00e9ctor Malagrino, Monique Larrain y Sergio De La Rosa, Silvia Mucci y Juan Alonso, Susana Soar y Jorge Garc\u00eda, Liliana y Jorge Rodr\u00edguez.<\/p>\n<p>Tambi\u00e9n estar\u00e1 \u201cPocho\u201d Pizarro, con su famoso baile con las escobas, su ritmo y su cadencia en el tango sal\u00f3n y canyengue que lo vuelven un maestro y bailar\u00edn inconfundible. Luego de cinco a\u00f1os, el cordob\u00e9s Ariel Ardit cantar\u00e1 en el festival, en formato de Sexteto T\u00edpico, dirigido por el arreglador y pianista Andr\u00e9s Linetzky. Lo har\u00e1 junto con Ramiro Boero y Yuki Okumura en bandoneones, Pedro Pablo<\/p>\n<p>Pedroso y Carolina Rodr\u00edguez en violines y Pablo Guzm\u00e1n en contrabajo, recreando el repertorio grabado en sus discos anteriores. El jueves 8 a las 18 en el Patio del Zorzal del Shopping Abasto se presentar\u00e1 Los cl\u00e1sicos de la Orquesta T\u00edpica Sans Souci. Creada en 1998, la orquesta tiene como objetivo rescatar el estilo musical de las orquestas t\u00edpicas de Miguel Cal\u00f3 y Osmar Maderna. Se ha presentado de manera ininterrumpida desde entonces en diversos escenarios nacionales e internacionales. Interpretar\u00e1 cl\u00e1sicos de su repertorio junto al cantor Emiliano Castignola.<\/p>\n<p>Y a las 19, Soledad Rivero y Cristian Gallardo brindar\u00e1n una clase de baile con su sistema de ense\u00f1anza coreogr\u00e1fica y formaci\u00f3n t\u00e9cnica del tango. Adem\u00e1s, realizar\u00e1n una exhibici\u00f3n para todo el p\u00fablico presente. El viernes 9 a las 19, Lil\u00ed Gard\u00e9s presentar\u00e1 Amor de tango, en el Espacio Cultural Carlos Gardel. Lil\u00ed Gard\u00e9s es cantautora y artista performativa y visual de tango fusi\u00f3n. Su m\u00fasica fusiona tango, pop, ritmos latinos y bases electr\u00f3nicas con letras originales que recobran la profundidad po\u00e9tica del tango. Su obra tiene performances, intervenciones po\u00e9ticas, dise\u00f1o visual y vestuario.<\/p>\n<p><strong>Parejas de<\/strong> Argentina, Uruguay, Chile, Colombia, Rusia, Estados Unidos, Italia, Brasil, China, Filipinas, Ecuador, Costa Rica, Alemania, Bolivia, M\u00e9xico, Jap\u00f3n, Venezuela, Francia, Nueva Zelanda, Armenia, Inglaterra y Corea del Sur competir\u00e1n en las categor\u00edas Tango de Pista y Tango Escenario en esta edici\u00f3n de Tango BA Mundial. Argentina estar\u00e1 representada por bailarines de la ciudad de Buenos Aires, Provincia de Buenos Aires, Chubut, Salta, C\u00f3rdoba, R\u00edo Negro, Tucum\u00e1n, Tierra del Fuego, Neuqu\u00e9n, Jujuy, Santa Fe, Santa Cruz, Misiones, Mendoza, San Juan, La Rioja, Chaco, Catamarca y Entre R\u00edos.<\/p>\n<p>Las Finales se llevar\u00e1n a cabo el 17 de septiembre al aire libre, en la calle Diagonal Norte con el Obelisco de fondo. Sobre el escenario se reunir\u00e1n artistas de todo el pa\u00eds para mostrar las expresiones de tango de las distintas regiones de la Argentina. Los finalistas del Mundial se medir\u00e1n sobre estas tablas para definir qui\u00e9nes ser\u00e1n los Campeones 2022 de Tango de Pista y Tango Escenario.<\/p>\n<p><strong>Programaci\u00f3n y reserva de entradas:<\/strong><br \/>\nEstar\u00e1n disponibles en www.buenosaires.gob.ar\/tangoba. Los espect\u00e1culos requieren de reserva previa. Las entradas se reservar\u00e1n 72 horas antes del evento, a partir de las 10 de la ma\u00f1ana.<\/p>\n","protected":false},"excerpt":{"rendered":"<p>La apertura del festival ser\u00e1 en el Auditorio de la Usina del Arte el martes 6 de septiembre a las 19:30 con Noche de Leyendas, un espect\u00e1culo dedicado a las grandes figuras del baile milonguero y a la bailarina Mar\u00eda Nieves en el d\u00eda de su cumplea\u00f1os 88. Nieves cre\u00f3 un estilo \u00fanico que llev\u00f3 [&hellip;]<\/p>\n","protected":false},"author":3,"featured_media":40113,"comment_status":"open","ping_status":"open","sticky":false,"template":"","format":"standard","meta":{"_et_pb_use_builder":"","_et_pb_old_content":"","_et_gb_content_width":"","footnotes":""},"categories":[11,33],"tags":[],"class_list":["post-40112","post","type-post","status-publish","format-standard","has-post-thumbnail","hentry","category-ciudad","category-sociedad-y-cultura-2"],"_links":{"self":[{"href":"https:\/\/vocesdebaires.com.ar\/index.php\/wp-json\/wp\/v2\/posts\/40112"}],"collection":[{"href":"https:\/\/vocesdebaires.com.ar\/index.php\/wp-json\/wp\/v2\/posts"}],"about":[{"href":"https:\/\/vocesdebaires.com.ar\/index.php\/wp-json\/wp\/v2\/types\/post"}],"author":[{"embeddable":true,"href":"https:\/\/vocesdebaires.com.ar\/index.php\/wp-json\/wp\/v2\/users\/3"}],"replies":[{"embeddable":true,"href":"https:\/\/vocesdebaires.com.ar\/index.php\/wp-json\/wp\/v2\/comments?post=40112"}],"version-history":[{"count":1,"href":"https:\/\/vocesdebaires.com.ar\/index.php\/wp-json\/wp\/v2\/posts\/40112\/revisions"}],"predecessor-version":[{"id":40114,"href":"https:\/\/vocesdebaires.com.ar\/index.php\/wp-json\/wp\/v2\/posts\/40112\/revisions\/40114"}],"wp:featuredmedia":[{"embeddable":true,"href":"https:\/\/vocesdebaires.com.ar\/index.php\/wp-json\/wp\/v2\/media\/40113"}],"wp:attachment":[{"href":"https:\/\/vocesdebaires.com.ar\/index.php\/wp-json\/wp\/v2\/media?parent=40112"}],"wp:term":[{"taxonomy":"category","embeddable":true,"href":"https:\/\/vocesdebaires.com.ar\/index.php\/wp-json\/wp\/v2\/categories?post=40112"},{"taxonomy":"post_tag","embeddable":true,"href":"https:\/\/vocesdebaires.com.ar\/index.php\/wp-json\/wp\/v2\/tags?post=40112"}],"curies":[{"name":"wp","href":"https:\/\/api.w.org\/{rel}","templated":true}]}}