{"id":40119,"date":"2022-08-31T00:00:51","date_gmt":"2022-08-31T03:00:51","guid":{"rendered":"https:\/\/vocesdebaires.com.ar\/?p=40119"},"modified":"2022-08-30T22:50:44","modified_gmt":"2022-08-31T01:50:44","slug":"el-jefe-de-gobierno-recorrio-el-instituto-superior-de-seguridad-publica","status":"publish","type":"post","link":"https:\/\/vocesdebaires.com.ar\/index.php\/2022\/08\/31\/el-jefe-de-gobierno-recorrio-el-instituto-superior-de-seguridad-publica\/","title":{"rendered":"El Jefe de Gobierno recorri\u00f3 el Instituto Superior de Seguridad P\u00fablica"},"content":{"rendered":"<p>El jefe de Gobierno porte\u00f1o, Horacio Rodr\u00edguez Larreta, recorri\u00f3 este martes el Instituto Superior de Seguridad P\u00fablica y destac\u00f3 el proceso de formaci\u00f3n de los cadetes de la Polic\u00eda de la Ciudad: \u201cEs conmovedor el compromiso, la seriedad y la responsabilidad con la que se preparan para desempe\u00f1ar sus funciones\u201d. Tras presenciar las clases que se dictan en el Instituto, el Jefe de Gobierno reiter\u00f3 su apoyo a los polic\u00edas que participaron del operativo realizado el s\u00e1bado en Recoleta, donde hubo 20 agentes heridos. \u201cAyer estuve con las autoridades de la Polic\u00eda de la Ciudad y con el comisario Diego Ortiz, uno de los heridos en la violenta manifestaci\u00f3n, para felicitarlos por el profesionalismo y la vocaci\u00f3n con la que trabajaron durante toda esta semana para mantener el orden en las calles\u201d, destac\u00f3.<\/p>\n<p>Sobre lo sucedido en las inmediaciones del domicilio de Cristina Fern\u00e1ndez de Kirchner, Rodr\u00edguez Larreta afirm\u00f3 que \u201clo \u00fanico que hizo la Polic\u00eda de la Ciudad fue hacer convivir ambos derechos: el de vivir en paz y el de poder manifestarse\u201d. Y agreg\u00f3: \u201cS\u00f3lo en Argentina se toma como una provocaci\u00f3n que se ponga una valla\u201d. El Jefe de Gobierno cuestion\u00f3 adem\u00e1s la decisi\u00f3n judicial que dispuso que la Polic\u00eda de la Ciudad no est\u00e9 presente en las inmediaciones del edificio donde vive Cristina Fern\u00e1ndez de Kirchner.<\/p>\n<p>\u201cUn juez que est\u00e1 p\u00fablicamente alineado con el kirchnerismo y que adem\u00e1s no tiene competencia sobre el tema, dict\u00f3 un fallo en el que intenta, de forma muy confusa, ordenarnos que liberemos la calle. Nos ordena que no nos ocupemos m\u00e1s de la seguridad en la Ciudad\u201d, critic\u00f3. Al respecto, inform\u00f3 que la Ciudad apel\u00f3 el fallo y recusar\u00e1 al juez. \u201cTenemos una responsabilidad para con todos los que viven, trabajan o visitan la Ciudad y tenemos la autonom\u00eda que nos garantiza la Constituci\u00f3n Nacional. No nos vamos a correr de nuestra obligaci\u00f3n de cuidar a los vecinos\u201d, agreg\u00f3.<\/p>\n<p>El Jefe de Gobierno tambi\u00e9n se refiri\u00f3 a las expresiones de la vicepresidenta. \u201cLe quiero pedir que no siga incitando a las agresiones y la violencia. No siga con sus declaraciones echando nafta al fuego. Es exactamente lo contrario de lo que la Argentina necesita. Necesitamos vivir unidos y en paz\u201d, remarc\u00f3.Tras se\u00f1alar que \u201cel problema de la Argentina no es qui\u00e9n hace la manifestaci\u00f3n m\u00e1s grande y qui\u00e9n grita m\u00e1s fuerte\u201d, Rodr\u00edguez Larreta subray\u00f3: \u201cLa prioridad est\u00e1 en otro lado, en los temas que ustedes no s\u00f3lo no resolvieron, sino que agravaron: la inflaci\u00f3n, la inseguridad, la falta de trabajo, la crisis educativa\u201d.<\/p>\n<p>Por \u00faltimo, el Jefe de Gobierno pidi\u00f3 que la vicepresidenta \u201cdeje de ocuparse solamente de resolver sus temas personales y se ocupe de trazar un rumbo para sacarnos a los argentinos de esta situaci\u00f3n tan dif\u00edcil en la que estamos, porque para eso fue votada\u201d. Y concluy\u00f3: \u201cYa se lo dije, no vamos a entrar en sus provocaciones, siempre vamos a estar del lado de la paz\u201d.<br \/>\nEstuvieron presentes el jefe de Gabinete, Felipe Miguel, y el ministro de Justicia y Seguridad, Marcelo D&#8217;Alessandro.<\/p>\n<p><strong>Foto: Walter Carrera\u00a0 \u00a0\/ GCBA<\/strong><\/p>\n","protected":false},"excerpt":{"rendered":"<p>El jefe de Gobierno porte\u00f1o, Horacio Rodr\u00edguez Larreta, recorri\u00f3 este martes el Instituto Superior de Seguridad P\u00fablica y destac\u00f3 el proceso de formaci\u00f3n de los cadetes de la Polic\u00eda de la Ciudad: \u201cEs conmovedor el compromiso, la seriedad y la responsabilidad con la que se preparan para desempe\u00f1ar sus funciones\u201d. Tras presenciar las clases que [&hellip;]<\/p>\n","protected":false},"author":3,"featured_media":40120,"comment_status":"open","ping_status":"open","sticky":false,"template":"","format":"standard","meta":{"_et_pb_use_builder":"","_et_pb_old_content":"","_et_gb_content_width":"","footnotes":""},"categories":[11,33],"tags":[],"class_list":["post-40119","post","type-post","status-publish","format-standard","has-post-thumbnail","hentry","category-ciudad","category-sociedad-y-cultura-2"],"_links":{"self":[{"href":"https:\/\/vocesdebaires.com.ar\/index.php\/wp-json\/wp\/v2\/posts\/40119"}],"collection":[{"href":"https:\/\/vocesdebaires.com.ar\/index.php\/wp-json\/wp\/v2\/posts"}],"about":[{"href":"https:\/\/vocesdebaires.com.ar\/index.php\/wp-json\/wp\/v2\/types\/post"}],"author":[{"embeddable":true,"href":"https:\/\/vocesdebaires.com.ar\/index.php\/wp-json\/wp\/v2\/users\/3"}],"replies":[{"embeddable":true,"href":"https:\/\/vocesdebaires.com.ar\/index.php\/wp-json\/wp\/v2\/comments?post=40119"}],"version-history":[{"count":1,"href":"https:\/\/vocesdebaires.com.ar\/index.php\/wp-json\/wp\/v2\/posts\/40119\/revisions"}],"predecessor-version":[{"id":40121,"href":"https:\/\/vocesdebaires.com.ar\/index.php\/wp-json\/wp\/v2\/posts\/40119\/revisions\/40121"}],"wp:featuredmedia":[{"embeddable":true,"href":"https:\/\/vocesdebaires.com.ar\/index.php\/wp-json\/wp\/v2\/media\/40120"}],"wp:attachment":[{"href":"https:\/\/vocesdebaires.com.ar\/index.php\/wp-json\/wp\/v2\/media?parent=40119"}],"wp:term":[{"taxonomy":"category","embeddable":true,"href":"https:\/\/vocesdebaires.com.ar\/index.php\/wp-json\/wp\/v2\/categories?post=40119"},{"taxonomy":"post_tag","embeddable":true,"href":"https:\/\/vocesdebaires.com.ar\/index.php\/wp-json\/wp\/v2\/tags?post=40119"}],"curies":[{"name":"wp","href":"https:\/\/api.w.org\/{rel}","templated":true}]}}