{"id":40122,"date":"2022-08-31T00:00:44","date_gmt":"2022-08-31T03:00:44","guid":{"rendered":"https:\/\/vocesdebaires.com.ar\/?p=40122"},"modified":"2022-08-30T22:55:19","modified_gmt":"2022-08-31T01:55:19","slug":"la-legislatura-declaro-de-interes-cultural-al-disco-identidad-milonguera","status":"publish","type":"post","link":"https:\/\/vocesdebaires.com.ar\/index.php\/2022\/08\/31\/la-legislatura-declaro-de-interes-cultural-al-disco-identidad-milonguera\/","title":{"rendered":"La Legislatura declar\u00f3 de inter\u00e9s cultural al disco &#8216;Identidad Milonguera&#8217;"},"content":{"rendered":"<p>El Poder Legislativo de la Ciudad reconoci\u00f3 ayer al disco \u201cIdentidad Milonguera\u201d, de los artistas Ariel Prat y Adolfo Marino Ponti. El trabajo musical fue declarado de Inter\u00e9s Cultural y el acto se llev\u00f3 a cabo en el sal\u00f3n Dorado &#8211; Hip\u00f3lito Yrigoyen con la participaci\u00f3n de los artistas y Juan Pablo Modarelli en representaci\u00f3n del impulsor del proyecto parlamentario Franco Vitali, ambos del Frente de Todos. Al comienzo, Prat agradeci\u00f3 a la Legislatura y remarc\u00f3 que para ellos es \u201cun gran placer y un gran honor\u201d. Luego, habl\u00f3 del disco que hizo junto a Marino Ponti: \u201cfue un trabajo que en \u00e9poca de pandemia lo pudimos terminar y grabar. Creo que nos termin\u00f3 de abrazar con ese universo maravilloso que es el baile de la milonga\u201d.<\/p>\n<p>El disco \u201cIdentidad Milonguera\u201d es una obra po\u00e9tica-musical de Ariel Prat y Adolfo Marino Ponti, que surgi\u00f3 durante la reciente pandemia del COVID-19. Su prop\u00f3sito es difundir y homenajear a bailarinas y bailarines populares que llevaron el tango danza por todo el mundo, y promoverlo como hecho cultural y una pr\u00e1ctica social t\u00edpicamente argentina. La obra incluye seis temas en los g\u00e9neros de tango, milonga y vals, dedicados en una primera etapa a tres bailarinas: Mar\u00eda Nieves, Milena Plebs, Gerald\u00edn Rojas; y a tres bailarines: Miguel \u00c1ngel Zotto, Tet\u00e9 Rusconi y Flaco Dany. Todas y todos de reconocida trayectoria nacional e internacional.<\/p>\n","protected":false},"excerpt":{"rendered":"<p>El Poder Legislativo de la Ciudad reconoci\u00f3 ayer al disco \u201cIdentidad Milonguera\u201d, de los artistas Ariel Prat y Adolfo Marino Ponti. El trabajo musical fue declarado de Inter\u00e9s Cultural y el acto se llev\u00f3 a cabo en el sal\u00f3n Dorado &#8211; Hip\u00f3lito Yrigoyen con la participaci\u00f3n de los artistas y Juan Pablo Modarelli en representaci\u00f3n [&hellip;]<\/p>\n","protected":false},"author":2,"featured_media":40123,"comment_status":"open","ping_status":"open","sticky":false,"template":"","format":"standard","meta":{"_et_pb_use_builder":"","_et_pb_old_content":"","_et_gb_content_width":"","footnotes":""},"categories":[11,33],"tags":[],"class_list":["post-40122","post","type-post","status-publish","format-standard","has-post-thumbnail","hentry","category-ciudad","category-sociedad-y-cultura-2"],"_links":{"self":[{"href":"https:\/\/vocesdebaires.com.ar\/index.php\/wp-json\/wp\/v2\/posts\/40122"}],"collection":[{"href":"https:\/\/vocesdebaires.com.ar\/index.php\/wp-json\/wp\/v2\/posts"}],"about":[{"href":"https:\/\/vocesdebaires.com.ar\/index.php\/wp-json\/wp\/v2\/types\/post"}],"author":[{"embeddable":true,"href":"https:\/\/vocesdebaires.com.ar\/index.php\/wp-json\/wp\/v2\/users\/2"}],"replies":[{"embeddable":true,"href":"https:\/\/vocesdebaires.com.ar\/index.php\/wp-json\/wp\/v2\/comments?post=40122"}],"version-history":[{"count":1,"href":"https:\/\/vocesdebaires.com.ar\/index.php\/wp-json\/wp\/v2\/posts\/40122\/revisions"}],"predecessor-version":[{"id":40124,"href":"https:\/\/vocesdebaires.com.ar\/index.php\/wp-json\/wp\/v2\/posts\/40122\/revisions\/40124"}],"wp:featuredmedia":[{"embeddable":true,"href":"https:\/\/vocesdebaires.com.ar\/index.php\/wp-json\/wp\/v2\/media\/40123"}],"wp:attachment":[{"href":"https:\/\/vocesdebaires.com.ar\/index.php\/wp-json\/wp\/v2\/media?parent=40122"}],"wp:term":[{"taxonomy":"category","embeddable":true,"href":"https:\/\/vocesdebaires.com.ar\/index.php\/wp-json\/wp\/v2\/categories?post=40122"},{"taxonomy":"post_tag","embeddable":true,"href":"https:\/\/vocesdebaires.com.ar\/index.php\/wp-json\/wp\/v2\/tags?post=40122"}],"curies":[{"name":"wp","href":"https:\/\/api.w.org\/{rel}","templated":true}]}}