{"id":40125,"date":"2022-08-31T00:00:35","date_gmt":"2022-08-31T03:00:35","guid":{"rendered":"https:\/\/vocesdebaires.com.ar\/?p=40125"},"modified":"2022-08-30T22:58:16","modified_gmt":"2022-08-31T01:58:16","slug":"ciudadespectaculos-masivos-deben-tener-lugar-para-estacionar-bicicletas","status":"publish","type":"post","link":"https:\/\/vocesdebaires.com.ar\/index.php\/2022\/08\/31\/ciudadespectaculos-masivos-deben-tener-lugar-para-estacionar-bicicletas\/","title":{"rendered":"Ciudad:Espect\u00e1culos masivos deben tener lugar para estacionar bicicletas"},"content":{"rendered":"<p>Los organizadores de espect\u00e1culos masivos deben disponer de espacios para estacionamientos temporarios de bicicletas y no pueden cobrar sumas adicionales por este servicio. Esta norma establece que ante cada evento que se prevea la asistencia de al menos dos mil personas, los organizadores de los espect\u00e1culos masivos deben: Delimitar y se\u00f1alizar un espacio de estacionamientos temporarios para bicicletas y<\/p>\n<p>Proveer personal responsable para la vigilancia, seguridad y el control del ingreso y egreso de las bicicletas mediante talones de control. Los espacios destinados a las bicicletas no podr\u00e1n ubicarse sobre superficies parquizadas. Los organizadores de los espect\u00e1culos masivos no est\u00e1n autorizados a cobrar sumas adicionales por la provisi\u00f3n del servicio. La LEY es la N\u00b0 4.619 sancionada en 2013.<\/p>\n","protected":false},"excerpt":{"rendered":"<p>Los organizadores de espect\u00e1culos masivos deben disponer de espacios para estacionamientos temporarios de bicicletas y no pueden cobrar sumas adicionales por este servicio. Esta norma establece que ante cada evento que se prevea la asistencia de al menos dos mil personas, los organizadores de los espect\u00e1culos masivos deben: Delimitar y se\u00f1alizar un espacio de estacionamientos [&hellip;]<\/p>\n","protected":false},"author":2,"featured_media":40126,"comment_status":"open","ping_status":"open","sticky":false,"template":"","format":"standard","meta":{"_et_pb_use_builder":"","_et_pb_old_content":"","_et_gb_content_width":"","footnotes":""},"categories":[11,33],"tags":[],"class_list":["post-40125","post","type-post","status-publish","format-standard","has-post-thumbnail","hentry","category-ciudad","category-sociedad-y-cultura-2"],"_links":{"self":[{"href":"https:\/\/vocesdebaires.com.ar\/index.php\/wp-json\/wp\/v2\/posts\/40125"}],"collection":[{"href":"https:\/\/vocesdebaires.com.ar\/index.php\/wp-json\/wp\/v2\/posts"}],"about":[{"href":"https:\/\/vocesdebaires.com.ar\/index.php\/wp-json\/wp\/v2\/types\/post"}],"author":[{"embeddable":true,"href":"https:\/\/vocesdebaires.com.ar\/index.php\/wp-json\/wp\/v2\/users\/2"}],"replies":[{"embeddable":true,"href":"https:\/\/vocesdebaires.com.ar\/index.php\/wp-json\/wp\/v2\/comments?post=40125"}],"version-history":[{"count":1,"href":"https:\/\/vocesdebaires.com.ar\/index.php\/wp-json\/wp\/v2\/posts\/40125\/revisions"}],"predecessor-version":[{"id":40127,"href":"https:\/\/vocesdebaires.com.ar\/index.php\/wp-json\/wp\/v2\/posts\/40125\/revisions\/40127"}],"wp:featuredmedia":[{"embeddable":true,"href":"https:\/\/vocesdebaires.com.ar\/index.php\/wp-json\/wp\/v2\/media\/40126"}],"wp:attachment":[{"href":"https:\/\/vocesdebaires.com.ar\/index.php\/wp-json\/wp\/v2\/media?parent=40125"}],"wp:term":[{"taxonomy":"category","embeddable":true,"href":"https:\/\/vocesdebaires.com.ar\/index.php\/wp-json\/wp\/v2\/categories?post=40125"},{"taxonomy":"post_tag","embeddable":true,"href":"https:\/\/vocesdebaires.com.ar\/index.php\/wp-json\/wp\/v2\/tags?post=40125"}],"curies":[{"name":"wp","href":"https:\/\/api.w.org\/{rel}","templated":true}]}}