{"id":40131,"date":"2022-08-31T00:00:25","date_gmt":"2022-08-31T03:00:25","guid":{"rendered":"https:\/\/vocesdebaires.com.ar\/?p=40131"},"modified":"2022-08-30T23:05:59","modified_gmt":"2022-08-31T02:05:59","slug":"legislaturasegunda-reunion-de-la-comision-federal-de-cambio-climatico","status":"publish","type":"post","link":"https:\/\/vocesdebaires.com.ar\/index.php\/2022\/08\/31\/legislaturasegunda-reunion-de-la-comision-federal-de-cambio-climatico\/","title":{"rendered":"Legislatura:Segunda reuni\u00f3n de la Comisi\u00f3n Federal de Cambio Clim\u00e1tico"},"content":{"rendered":"<p>Durante el desarrollo de las dos jornadas que tuvieron eje en la transici\u00f3n energ\u00e9tica y se realizaron en la Legislatura de Neuqu\u00e9n, la legisladora de la ciudad de buenos aires Carolina Estebarena, que preside la Especial de Cambio Clim\u00e1tico de la Legislatura de la Ciudad, se refiri\u00f3 a la educaci\u00f3n en cambio clim\u00e1tico y la necesidad de que los legisladores expliquen claramente de qu\u00e9 se trata este fen\u00f3meno global de impacto local, trasmitiendo en qu\u00e9 le afecta a la gente de forma directa.<\/p>\n<p>La representante porte\u00f1a tambi\u00e9n present\u00f3 propuestas para la tercera reuni\u00f3n Comisi\u00f3n Federal, entre ellas, realizar un an\u00e1lisis de legislaci\u00f3n comparada de las normas de adhesi\u00f3n a leyes nacionales que regulan cuestiones vinculadas al Cambio Clim\u00e1tico. Esa comparaci\u00f3n permite apreciar diferencias y similitudes en las disposiciones que cada jurisdicci\u00f3n y facilita el intercambio que enriquece la normativa vigente.<\/p>\n<p>Sobre el encuentro, la legisladora porte\u00f1a Estebarena sintetiz\u00f3: \u00abel trabajo de estos dos d\u00edas en Neuqu\u00e9n ha sido sumamente productivo, no s\u00f3lo abordamos el tema central de la convocatoria, principalmente exponiendo la normativa en nuestras respectivas jurisdicciones en materia de energ\u00edas renovables, eficiencia energ\u00e9tica y generaci\u00f3n distribuida, sino que tambi\u00e9n elaboramos un documento consensuado para presentar en el tramo legislativo de la cumbre de la red de ciudades C40, que tendr\u00e1 lugar en la Ciudad de Buenos Aires en el mes de octubre\u00bb. La creaci\u00f3n de la Comisi\u00f3n Federal de Cambio Clim\u00e1tico surgi\u00f3 en el Foro Federal de Legislaturas Conectadas, que re\u00fane a vicegobernadores o legisladores que se desempe\u00f1en como presidentes de los parlamentos provinciales y de CABA, o a quienes \u00e9stos designen en su representaci\u00f3n.<\/p>\n","protected":false},"excerpt":{"rendered":"<p>Durante el desarrollo de las dos jornadas que tuvieron eje en la transici\u00f3n energ\u00e9tica y se realizaron en la Legislatura de Neuqu\u00e9n, la legisladora de la ciudad de buenos aires Carolina Estebarena, que preside la Especial de Cambio Clim\u00e1tico de la Legislatura de la Ciudad, se refiri\u00f3 a la educaci\u00f3n en cambio clim\u00e1tico y la [&hellip;]<\/p>\n","protected":false},"author":2,"featured_media":40132,"comment_status":"open","ping_status":"open","sticky":false,"template":"","format":"standard","meta":{"_et_pb_use_builder":"","_et_pb_old_content":"","_et_gb_content_width":"","footnotes":""},"categories":[11,33],"tags":[],"class_list":["post-40131","post","type-post","status-publish","format-standard","has-post-thumbnail","hentry","category-ciudad","category-sociedad-y-cultura-2"],"_links":{"self":[{"href":"https:\/\/vocesdebaires.com.ar\/index.php\/wp-json\/wp\/v2\/posts\/40131"}],"collection":[{"href":"https:\/\/vocesdebaires.com.ar\/index.php\/wp-json\/wp\/v2\/posts"}],"about":[{"href":"https:\/\/vocesdebaires.com.ar\/index.php\/wp-json\/wp\/v2\/types\/post"}],"author":[{"embeddable":true,"href":"https:\/\/vocesdebaires.com.ar\/index.php\/wp-json\/wp\/v2\/users\/2"}],"replies":[{"embeddable":true,"href":"https:\/\/vocesdebaires.com.ar\/index.php\/wp-json\/wp\/v2\/comments?post=40131"}],"version-history":[{"count":1,"href":"https:\/\/vocesdebaires.com.ar\/index.php\/wp-json\/wp\/v2\/posts\/40131\/revisions"}],"predecessor-version":[{"id":40133,"href":"https:\/\/vocesdebaires.com.ar\/index.php\/wp-json\/wp\/v2\/posts\/40131\/revisions\/40133"}],"wp:featuredmedia":[{"embeddable":true,"href":"https:\/\/vocesdebaires.com.ar\/index.php\/wp-json\/wp\/v2\/media\/40132"}],"wp:attachment":[{"href":"https:\/\/vocesdebaires.com.ar\/index.php\/wp-json\/wp\/v2\/media?parent=40131"}],"wp:term":[{"taxonomy":"category","embeddable":true,"href":"https:\/\/vocesdebaires.com.ar\/index.php\/wp-json\/wp\/v2\/categories?post=40131"},{"taxonomy":"post_tag","embeddable":true,"href":"https:\/\/vocesdebaires.com.ar\/index.php\/wp-json\/wp\/v2\/tags?post=40131"}],"curies":[{"name":"wp","href":"https:\/\/api.w.org\/{rel}","templated":true}]}}