{"id":40134,"date":"2022-08-31T00:00:14","date_gmt":"2022-08-31T03:00:14","guid":{"rendered":"https:\/\/vocesdebaires.com.ar\/?p=40134"},"modified":"2022-08-30T23:08:47","modified_gmt":"2022-08-31T02:08:47","slug":"el-espacio-de-arte-amia-inaugura-arraigo-la-muestra-de-gaby-grobo","status":"publish","type":"post","link":"https:\/\/vocesdebaires.com.ar\/index.php\/2022\/08\/31\/el-espacio-de-arte-amia-inaugura-arraigo-la-muestra-de-gaby-grobo\/","title":{"rendered":"El Espacio de Arte AMIA inaugura \u201cArraigo\u201d, la muestra de Gaby Grobo"},"content":{"rendered":"<p>El jueves 1\u00b0 de septiembre, a las 18, el Espacio de Arte AMIA inaugurar\u00e1 \u201cArraigo\u201d, la exposici\u00f3n de Gaby Grobo, la artista pl\u00e1stica nacida en Carlos Casares, quien con sus acr\u00edlicos sobre tela y sus obras realizadas con t\u00e9cnicas mixtas, presenta y propone, en esta muestra, una conexi\u00f3n profunda y directa con la tierra. \u201cEn esta exposici\u00f3n Gaby Grobo realiza sus obras con elementos incorporados. El principal entre ellos es la ra\u00edz. La integraci\u00f3n de ra\u00edces en su obra implica un mensaje conceptual \u00edntimamente ligado a la esencia de ese componente\u201d, advierte Eduardo Carballido, curador de la exposici\u00f3n \u201cArraigo\u201d.<\/p>\n<p>\u201cLa artista logra una fusi\u00f3n arm\u00f3nica entre lo figurativo de la ra\u00edz y lo no figurativo de las formas abstractas apuntaladas con los colores y las texturas. Trazos que danzan y se entremezclan con el objeto en una est\u00e9tica que le es propia. En la observaci\u00f3n m\u00e1s aguda de la propuesta, todos los elementos de la obra \u2013 ra\u00edces, paja, \u00fatiles de trabajo\u2013 de alguna u otra manera tuvieron contacto con la tierra. Esa tierra que sostiene y testimonia nuestra historia\u201d, observa Carballido. Egresada del profesorado de Dibuja y Pintura del Conservatorio Albistur y profesora nacional de Artes Visuales del Instituto Carlos Torrallardona, Gaby Grobo tambi\u00e9n recibi\u00f3 el t\u00edtulo por parte de la Universidad del Salvador de analista de medios de comunicaci\u00f3n.<\/p>\n<p>En nuestro pa\u00eds ha exhibido su obra en exposiciones individuales realizadas en el Centro Cultural Borges (2019), en el Museo de Bellas Artes de Salta (2019), en AG Espacio de Arte (2013, 2014, 2016 y 2017), Municipalidad de Pehuaj\u00f3 (2010) y Municipalidad de Carlos Casares (2010). Tambi\u00e9n expuso en salas de arte de Espa\u00f1a, Alemania, Portugal, Italia, B\u00e9lgica, Inglaterra, Francia, Estados Unidos y Uruguay. En palabras de Elio Kapszuk, director del departamento de Arte y Producci\u00f3n de AMIA, las obras de Gaby Grobo son \u201cun verdadero testimonio\u201d.<\/p>\n<p>\u201cSus obras nos acercan a su experiencia con la tierra, v\u00ednculo de amor y trabajo que supo cultivar su familia, pero recreado de una manera distinta. No se trata de una cr\u00f3nica de aquello que sucedi\u00f3 sino de una descripci\u00f3n de todo lo que la constituye como persona y artista. Sus obras son su verdadero documento de identidad\u201d, asegura Kapszuk. A partir del viernes 2 de septiembre, \u201cArraigo\u201d podr\u00e1 recorrerse en el Espacio de Arte AMIA, gratuitamente, en el entrepiso de Pasteur 633, de lunes a jueves de 10 a 19, y los viernes de 10 a 16. Para ingresar, solo es necesario concurrir con DNI.<\/p>\n","protected":false},"excerpt":{"rendered":"<p>El jueves 1\u00b0 de septiembre, a las 18, el Espacio de Arte AMIA inaugurar\u00e1 \u201cArraigo\u201d, la exposici\u00f3n de Gaby Grobo, la artista pl\u00e1stica nacida en Carlos Casares, quien con sus acr\u00edlicos sobre tela y sus obras realizadas con t\u00e9cnicas mixtas, presenta y propone, en esta muestra, una conexi\u00f3n profunda y directa con la tierra. \u201cEn [&hellip;]<\/p>\n","protected":false},"author":2,"featured_media":40135,"comment_status":"open","ping_status":"open","sticky":false,"template":"","format":"standard","meta":{"_et_pb_use_builder":"","_et_pb_old_content":"","_et_gb_content_width":"","footnotes":""},"categories":[11,33],"tags":[],"class_list":["post-40134","post","type-post","status-publish","format-standard","has-post-thumbnail","hentry","category-ciudad","category-sociedad-y-cultura-2"],"_links":{"self":[{"href":"https:\/\/vocesdebaires.com.ar\/index.php\/wp-json\/wp\/v2\/posts\/40134"}],"collection":[{"href":"https:\/\/vocesdebaires.com.ar\/index.php\/wp-json\/wp\/v2\/posts"}],"about":[{"href":"https:\/\/vocesdebaires.com.ar\/index.php\/wp-json\/wp\/v2\/types\/post"}],"author":[{"embeddable":true,"href":"https:\/\/vocesdebaires.com.ar\/index.php\/wp-json\/wp\/v2\/users\/2"}],"replies":[{"embeddable":true,"href":"https:\/\/vocesdebaires.com.ar\/index.php\/wp-json\/wp\/v2\/comments?post=40134"}],"version-history":[{"count":1,"href":"https:\/\/vocesdebaires.com.ar\/index.php\/wp-json\/wp\/v2\/posts\/40134\/revisions"}],"predecessor-version":[{"id":40136,"href":"https:\/\/vocesdebaires.com.ar\/index.php\/wp-json\/wp\/v2\/posts\/40134\/revisions\/40136"}],"wp:featuredmedia":[{"embeddable":true,"href":"https:\/\/vocesdebaires.com.ar\/index.php\/wp-json\/wp\/v2\/media\/40135"}],"wp:attachment":[{"href":"https:\/\/vocesdebaires.com.ar\/index.php\/wp-json\/wp\/v2\/media?parent=40134"}],"wp:term":[{"taxonomy":"category","embeddable":true,"href":"https:\/\/vocesdebaires.com.ar\/index.php\/wp-json\/wp\/v2\/categories?post=40134"},{"taxonomy":"post_tag","embeddable":true,"href":"https:\/\/vocesdebaires.com.ar\/index.php\/wp-json\/wp\/v2\/tags?post=40134"}],"curies":[{"name":"wp","href":"https:\/\/api.w.org\/{rel}","templated":true}]}}