{"id":40147,"date":"2022-09-01T00:51:25","date_gmt":"2022-09-01T03:51:25","guid":{"rendered":"https:\/\/vocesdebaires.com.ar\/?p=40147"},"modified":"2022-09-01T00:51:25","modified_gmt":"2022-09-01T03:51:25","slug":"ciudadempleo-joven-historias-y-desafios-para-su-primer-trabajo","status":"publish","type":"post","link":"https:\/\/vocesdebaires.com.ar\/index.php\/2022\/09\/01\/ciudadempleo-joven-historias-y-desafios-para-su-primer-trabajo\/","title":{"rendered":"Ciudad:Empleo joven historias y desaf\u00edos para su primer trabajo"},"content":{"rendered":"<p>El Gobierno porte\u00f1o busca incentivar la contrataci\u00f3n de j\u00f3venes de 18 a 24 a\u00f1os. Solventa parcialmente y por 12 meses los sueldos a las empresas que participan del programa.<br \/>\nComo parte de la iniciativa, la Ciudad brinda una asistencia econ\u00f3mica mensual para solventar por 12 meses, de forma exclusiva y parcialmente, el pago del salario. \u201cDesde la Ciudad tenemos como principal objetivo crear m\u00e1s y mejores empleos para los j\u00f3venes. Esta iniciativa propone un trabajo conjunto entre el sector p\u00fablico y privado para promover la inclusi\u00f3n laboral y la igualdad de oportunidades\u201d, sostuvo Giusti.<\/p>\n<p><strong>La oportunidad de acceder a un primer empleo en blanco<\/strong><br \/>\n\u201cEl programa permite que chicos sin experiencia previa en un trabajo formal tengan la oportunidad de capacitarse en atenci\u00f3n al cliente a trav\u00e9s de las tareas del d\u00eda a d\u00eda. Adem\u00e1s, les da la chance de estudiar y les brinda la flexibilidad de elegir sus propios horarios\u201d, remarca In\u00e9s Kubisen, gerente de Recursos Humanos de Degasa, a cargo de las marcas KFC y Wendy\u2019s. Otra de las empresas que participan del programa es CAT Technologies, encargada de brindar servicios a otras compa\u00f1\u00edas en diversidad de canales, como tel\u00e9fono y redes sociales.<\/p>\n<p>\u201cEs muy interesante porque acerca a los chicos a un primer empleo en blanco. A nosotros nos permite captar gente m\u00e1s joven, con potencial de crecimiento ac\u00e1 dentro\u201d, resalta Eliana Kohler Presas, gerenta de Personas y Relaciones Laborales. Actualmente, 1.896 j\u00f3venes de entre 18 a 24 a\u00f1os est\u00e1n en proceso de incorporaci\u00f3n a las 459 empresas que adhirieron al Plan Empleo Joven. En total, se inscribieron m\u00e1s de 16.000 aspirantes a trav\u00e9s del portal empleojovenba.com.ar, donde tambi\u00e9n pueden registrarse las compa\u00f1\u00edas interesadas en participar de este programa.<\/p>\n","protected":false},"excerpt":{"rendered":"<p>El Gobierno porte\u00f1o busca incentivar la contrataci\u00f3n de j\u00f3venes de 18 a 24 a\u00f1os. Solventa parcialmente y por 12 meses los sueldos a las empresas que participan del programa. Como parte de la iniciativa, la Ciudad brinda una asistencia econ\u00f3mica mensual para solventar por 12 meses, de forma exclusiva y parcialmente, el pago del salario. [&hellip;]<\/p>\n","protected":false},"author":3,"featured_media":40148,"comment_status":"open","ping_status":"open","sticky":false,"template":"","format":"standard","meta":{"_et_pb_use_builder":"","_et_pb_old_content":"","_et_gb_content_width":"","footnotes":""},"categories":[11,33],"tags":[],"class_list":["post-40147","post","type-post","status-publish","format-standard","has-post-thumbnail","hentry","category-ciudad","category-sociedad-y-cultura-2"],"_links":{"self":[{"href":"https:\/\/vocesdebaires.com.ar\/index.php\/wp-json\/wp\/v2\/posts\/40147"}],"collection":[{"href":"https:\/\/vocesdebaires.com.ar\/index.php\/wp-json\/wp\/v2\/posts"}],"about":[{"href":"https:\/\/vocesdebaires.com.ar\/index.php\/wp-json\/wp\/v2\/types\/post"}],"author":[{"embeddable":true,"href":"https:\/\/vocesdebaires.com.ar\/index.php\/wp-json\/wp\/v2\/users\/3"}],"replies":[{"embeddable":true,"href":"https:\/\/vocesdebaires.com.ar\/index.php\/wp-json\/wp\/v2\/comments?post=40147"}],"version-history":[{"count":1,"href":"https:\/\/vocesdebaires.com.ar\/index.php\/wp-json\/wp\/v2\/posts\/40147\/revisions"}],"predecessor-version":[{"id":40149,"href":"https:\/\/vocesdebaires.com.ar\/index.php\/wp-json\/wp\/v2\/posts\/40147\/revisions\/40149"}],"wp:featuredmedia":[{"embeddable":true,"href":"https:\/\/vocesdebaires.com.ar\/index.php\/wp-json\/wp\/v2\/media\/40148"}],"wp:attachment":[{"href":"https:\/\/vocesdebaires.com.ar\/index.php\/wp-json\/wp\/v2\/media?parent=40147"}],"wp:term":[{"taxonomy":"category","embeddable":true,"href":"https:\/\/vocesdebaires.com.ar\/index.php\/wp-json\/wp\/v2\/categories?post=40147"},{"taxonomy":"post_tag","embeddable":true,"href":"https:\/\/vocesdebaires.com.ar\/index.php\/wp-json\/wp\/v2\/tags?post=40147"}],"curies":[{"name":"wp","href":"https:\/\/api.w.org\/{rel}","templated":true}]}}