{"id":40158,"date":"2022-09-01T01:01:35","date_gmt":"2022-09-01T04:01:35","guid":{"rendered":"https:\/\/vocesdebaires.com.ar\/?p=40158"},"modified":"2022-09-01T01:02:04","modified_gmt":"2022-09-01T04:02:04","slug":"legislador-del-gaiso-presento-un-proyecto-por-la-autonomia-de-la-ciudad","status":"publish","type":"post","link":"https:\/\/vocesdebaires.com.ar\/index.php\/2022\/09\/01\/legislador-del-gaiso-presento-un-proyecto-por-la-autonomia-de-la-ciudad\/","title":{"rendered":"Del Gaiso: Presento un proyecto por la autonom\u00eda de la ciudad"},"content":{"rendered":"<p>El Legislador Facundo Del Gaiso, Pte. del bloque de Legisladores porte\u00f1os de la Coalici\u00f3n C\u00edvica present\u00f3 un proyecto de repudio al avasallamiento de la autonom\u00eda de la Ciudad de Buenos Aires por parte de la vicepresidenta Cristina Fern\u00e1ndez de Kirchner. \u201cLa postura adoptada por la Vicepresidenta de la Naci\u00f3n es una clara intromisi\u00f3n a las facultades propias conferidas a la ciudad, y es por ello que manifestamos nuestra preocupaci\u00f3n frente a un nuevo hecho que atenta y deteriora la autonom\u00eda\u201d, explic\u00f3 Del Gaiso. Desde el a\u00f1o 1994 la Ciudad de Buenos Aires es aut\u00f3noma.<\/p>\n<p>Tiene un gobierno aut\u00f3nomo con facultades propias de legislaci\u00f3n y jurisdicci\u00f3n, y su jefe de gobierno ser\u00e1 elegido directamente por el pueblo de la ciudad. La Corte Suprema de Justicia de la Naci\u00f3n, en mayo del a\u00f1o pasado, reafirm\u00f3 la autonom\u00eda de la ciudad cuando se expidi\u00f3 acerca de la presencialidad en las escuelas de la ciudad. La sentencia destaca que la Ciudad es una unidad federada y goza de facultades similares a una provincia. \u201cAhora ser\u00eda bueno que los legisladores porte\u00f1os y diputados nacionales del Frente de Todos por la Ciudad se manifiesten si coinciden, o van a ir contra la autonom\u00eda de la Ciudad a la que representan en sus bancas\u201d, expres\u00f3 Del Gaiso.<\/p>\n","protected":false},"excerpt":{"rendered":"<p>El Legislador Facundo Del Gaiso, Pte. del bloque de Legisladores porte\u00f1os de la Coalici\u00f3n C\u00edvica present\u00f3 un proyecto de repudio al avasallamiento de la autonom\u00eda de la Ciudad de Buenos Aires por parte de la vicepresidenta Cristina Fern\u00e1ndez de Kirchner. \u201cLa postura adoptada por la Vicepresidenta de la Naci\u00f3n es una clara intromisi\u00f3n a las [&hellip;]<\/p>\n","protected":false},"author":2,"featured_media":38038,"comment_status":"open","ping_status":"open","sticky":false,"template":"","format":"standard","meta":{"_et_pb_use_builder":"","_et_pb_old_content":"","_et_gb_content_width":"","footnotes":""},"categories":[11,33],"tags":[],"class_list":["post-40158","post","type-post","status-publish","format-standard","has-post-thumbnail","hentry","category-ciudad","category-sociedad-y-cultura-2"],"_links":{"self":[{"href":"https:\/\/vocesdebaires.com.ar\/index.php\/wp-json\/wp\/v2\/posts\/40158"}],"collection":[{"href":"https:\/\/vocesdebaires.com.ar\/index.php\/wp-json\/wp\/v2\/posts"}],"about":[{"href":"https:\/\/vocesdebaires.com.ar\/index.php\/wp-json\/wp\/v2\/types\/post"}],"author":[{"embeddable":true,"href":"https:\/\/vocesdebaires.com.ar\/index.php\/wp-json\/wp\/v2\/users\/2"}],"replies":[{"embeddable":true,"href":"https:\/\/vocesdebaires.com.ar\/index.php\/wp-json\/wp\/v2\/comments?post=40158"}],"version-history":[{"count":2,"href":"https:\/\/vocesdebaires.com.ar\/index.php\/wp-json\/wp\/v2\/posts\/40158\/revisions"}],"predecessor-version":[{"id":40160,"href":"https:\/\/vocesdebaires.com.ar\/index.php\/wp-json\/wp\/v2\/posts\/40158\/revisions\/40160"}],"wp:featuredmedia":[{"embeddable":true,"href":"https:\/\/vocesdebaires.com.ar\/index.php\/wp-json\/wp\/v2\/media\/38038"}],"wp:attachment":[{"href":"https:\/\/vocesdebaires.com.ar\/index.php\/wp-json\/wp\/v2\/media?parent=40158"}],"wp:term":[{"taxonomy":"category","embeddable":true,"href":"https:\/\/vocesdebaires.com.ar\/index.php\/wp-json\/wp\/v2\/categories?post=40158"},{"taxonomy":"post_tag","embeddable":true,"href":"https:\/\/vocesdebaires.com.ar\/index.php\/wp-json\/wp\/v2\/tags?post=40158"}],"curies":[{"name":"wp","href":"https:\/\/api.w.org\/{rel}","templated":true}]}}