{"id":40161,"date":"2022-09-01T01:04:41","date_gmt":"2022-09-01T04:04:41","guid":{"rendered":"https:\/\/vocesdebaires.com.ar\/?p=40161"},"modified":"2022-09-01T01:04:41","modified_gmt":"2022-09-01T04:04:41","slug":"la-legislatura-portena-reconocio-al-parque-de-las-y-los-recicladores","status":"publish","type":"post","link":"https:\/\/vocesdebaires.com.ar\/index.php\/2022\/09\/01\/la-legislatura-portena-reconocio-al-parque-de-las-y-los-recicladores\/","title":{"rendered":"La Legislatura porte\u00f1a: reconoci\u00f3 al Parque de las y los Recicladores"},"content":{"rendered":"<p>En la Legislatura de la Ciudad Aut\u00f3noma de Buenos Aires se llev\u00f3 a cabo ayer mi\u00e9rcoles por la tarde el acto de entrega del diploma que expresa la declaraci\u00f3n de Inter\u00e9s Ambiental y Educativo al \u201cParque de las y los Recicladores\u201d. La actividad se llev\u00f3 a cabo en el sal\u00f3n Dorado &#8211; Hip\u00f3lito Yrigoyen\u00bb y cont\u00f3 con la presencia de los legisladores del Frente de Todos Mar\u00eda Bielli, autora del proyecto, Javier Andrade y Juan Pablo Modarelli; el presidente de Recuperadores Urbanos del Oeste (RUO) Gustavo Ib\u00e1\u00f1ez y la referente de esa organizaci\u00f3n, Elena Orellana.<\/p>\n<p>Al comenzar la ceremonia, la legisladora Bielli asever\u00f3 que la iniciativa tambi\u00e9n es un reconocimiento \u201ca los m\u00e1s de 20 a\u00f1os de lucha, historia y organizaci\u00f3n\u201d. \u201cA los que encontraron en el cart\u00f3n esa herramienta de supervivencia. Y que despu\u00e9s de muchos a\u00f1os de esfuerzo, esa herramienta de supervivencia se convirti\u00f3 en un servicio p\u00fablico que garantiza el cuidado de muchos y de muchas en la Ciudad de Buenos Aires\u201d, agreg\u00f3.<\/p>\n<p>Luego, Andrade puntualiz\u00f3 que sin los recuperadores la ciudad \u201cno ser\u00eda viable\u201d y destac\u00f3 \u201clo genuino de construir su propio trabajo\u201d y c\u00f3mo a trav\u00e9s del parque resignificaron el espacio.<br \/>\nPor su parte, Orellana destac\u00f3 que hoy se logr\u00f3 este diploma al esfuerzo de todos los compa\u00f1eros. Finalmente Ib\u00e1\u00f1ez agradeci\u00f3 al Cuerpo Legislativo por la menci\u00f3n. \u201cEs un orgullo para nosotros y nos obliga a seguir trabajando por los compa\u00f1eros. Cuando \u00e9ste sue\u00f1o naci\u00f3 en el a\u00f1o 2001 no pens\u00e1bamos llegar a este momento\u201d, concluy\u00f3.<\/p>\n<p>Efectivamente, la cooperativa surgi\u00f3 como consecuencia de la gran crisis del 2001. Despu\u00e9s de a\u00f1os de trabajo recolectando los Residuos S\u00f3lidos Urbanos Secos (RSU), los recolectores aprendieron que su tarea tambi\u00e9n era parte de un servicio p\u00fablico. En la actualidad son m\u00e1s de mil los recolectores que lograron el pliego de licitaci\u00f3n por parte del Estado para trabajar en los barrios de Villa Luro, Once, Caballito, Flores y Chacarita.<\/p>\n","protected":false},"excerpt":{"rendered":"<p>En la Legislatura de la Ciudad Aut\u00f3noma de Buenos Aires se llev\u00f3 a cabo ayer mi\u00e9rcoles por la tarde el acto de entrega del diploma que expresa la declaraci\u00f3n de Inter\u00e9s Ambiental y Educativo al \u201cParque de las y los Recicladores\u201d. La actividad se llev\u00f3 a cabo en el sal\u00f3n Dorado &#8211; Hip\u00f3lito Yrigoyen\u00bb y [&hellip;]<\/p>\n","protected":false},"author":2,"featured_media":40162,"comment_status":"open","ping_status":"open","sticky":false,"template":"","format":"standard","meta":{"_et_pb_use_builder":"","_et_pb_old_content":"","_et_gb_content_width":"","footnotes":""},"categories":[11,33],"tags":[],"class_list":["post-40161","post","type-post","status-publish","format-standard","has-post-thumbnail","hentry","category-ciudad","category-sociedad-y-cultura-2"],"_links":{"self":[{"href":"https:\/\/vocesdebaires.com.ar\/index.php\/wp-json\/wp\/v2\/posts\/40161"}],"collection":[{"href":"https:\/\/vocesdebaires.com.ar\/index.php\/wp-json\/wp\/v2\/posts"}],"about":[{"href":"https:\/\/vocesdebaires.com.ar\/index.php\/wp-json\/wp\/v2\/types\/post"}],"author":[{"embeddable":true,"href":"https:\/\/vocesdebaires.com.ar\/index.php\/wp-json\/wp\/v2\/users\/2"}],"replies":[{"embeddable":true,"href":"https:\/\/vocesdebaires.com.ar\/index.php\/wp-json\/wp\/v2\/comments?post=40161"}],"version-history":[{"count":1,"href":"https:\/\/vocesdebaires.com.ar\/index.php\/wp-json\/wp\/v2\/posts\/40161\/revisions"}],"predecessor-version":[{"id":40163,"href":"https:\/\/vocesdebaires.com.ar\/index.php\/wp-json\/wp\/v2\/posts\/40161\/revisions\/40163"}],"wp:featuredmedia":[{"embeddable":true,"href":"https:\/\/vocesdebaires.com.ar\/index.php\/wp-json\/wp\/v2\/media\/40162"}],"wp:attachment":[{"href":"https:\/\/vocesdebaires.com.ar\/index.php\/wp-json\/wp\/v2\/media?parent=40161"}],"wp:term":[{"taxonomy":"category","embeddable":true,"href":"https:\/\/vocesdebaires.com.ar\/index.php\/wp-json\/wp\/v2\/categories?post=40161"},{"taxonomy":"post_tag","embeddable":true,"href":"https:\/\/vocesdebaires.com.ar\/index.php\/wp-json\/wp\/v2\/tags?post=40161"}],"curies":[{"name":"wp","href":"https:\/\/api.w.org\/{rel}","templated":true}]}}