{"id":40177,"date":"2022-09-02T01:12:00","date_gmt":"2022-09-02T04:12:00","guid":{"rendered":"https:\/\/vocesdebaires.com.ar\/?p=40177"},"modified":"2022-09-02T01:13:01","modified_gmt":"2022-09-02T04:13:01","slug":"larreta-primera-jornada-del-encuentro-federal-de-educacion-de-la-fundacion-pensar","status":"publish","type":"post","link":"https:\/\/vocesdebaires.com.ar\/index.php\/2022\/09\/02\/larreta-primera-jornada-del-encuentro-federal-de-educacion-de-la-fundacion-pensar\/","title":{"rendered":"Larreta: Primera jornada del Encuentro de Educaci\u00f3n de la Fundaci\u00f3n Pensar"},"content":{"rendered":"<p>Ayer se cumpli\u00f3 la primera jornada del Encuentro Federal de Educaci\u00f3n de la Fundaci\u00f3n Pensar. Con la ciudad de Mendoza como anfitriona de la regi\u00f3n Cuyo -y ante un auditorio colmado- el evento reuni\u00f3 a expertos, referentes sociales, pol\u00edticos y acad\u00e9micos con el objetivo de trabajar en una visi\u00f3n federal de educaci\u00f3n para el pa\u00eds. En su primer d\u00eda, el encuentro federal cont\u00f3 con la presencia de la ministra de Educaci\u00f3n de la Ciudad de Buenos Aires, Soledad Acu\u00f1a; el exministro de Educaci\u00f3n de la Naci\u00f3n y diputado nacional, Alejandro Finocchiaro; el exministro de Educaci\u00f3n de la provincia de Buenos Aires y coordinador de la mesa de Educaci\u00f3n de Pensar, Gabriel S\u00e1nchez Zinny; y el cierre con la presencia del jefe de gobierno porte\u00f1o, Horacio Rodr\u00edguez Larreta. La Fundaci\u00f3n Pensar es el \u00e1mbito del PRO donde se hacen planes de gobierno para transformar la Argentina.<\/p>\n<p>Cuenta con 30 mesas de trabajo nacionales y m\u00e1s de 200 especialistas en todo el pa\u00eds. \u201cNo hay antecedente en la pol\u00edtica Argentina de lo que estamos haciendo: trabajando en el armado de planes de gobierno para el pa\u00eds con tanta antelaci\u00f3n y responsabilidad\u201d, dijo el jefe de gobierno porte\u00f1o Horacio Rodr\u00edguez Larreta, responsable de cerrar el evento. \u201cLa l\u00f3gica de la democracia en Argentina, es cortoplacista. Hay que tener convicci\u00f3n para encarar una reforma educativa. Esto se hace con tiempo y trabajando como lo estamos haciendo: de manera integral y provincia por provincia\u201d, agreg\u00f3. Y concluy\u00f3: \u201cEl mensaje es que se puede transformar la educaci\u00f3n.<\/p>\n<p>En la ciudad lo pudimos hacer y hoy vemos los resultados. No queremos exportar recetas. Pero lo que sabemos es que para hacerlo necesitamos decisi\u00f3n pol\u00edtica y una planificaci\u00f3n que acompa\u00f1e.\u201d Al respecto, el presidente de Fundaci\u00f3n Pensar, Franco Moccia, asegur\u00f3: \u201cEn Educaci\u00f3n, no puede haber lugar a la improvisaci\u00f3n. En esas l\u00edneas est\u00e1n trabajando nuestros equipos t\u00e9cnicos tanto a nivel nacional como tambi\u00e9n a nivel provincial.<\/p>\n<p>En elaborar planes que den respuestas a cada una de las problem\u00e1ticas y desaf\u00edos que tenemos en materia educativa como pa\u00eds, con las particularidades de cada regi\u00f3n\u201d. Y complet\u00f3: \u201cNo tenemos m\u00e1s tiempo. El momento es ahora. El cambio m\u00e1s grande que necesitamos los argentinos es un cambio cultural. Y ese cambio, estoy convencido, es con m\u00e1s y mejor educaci\u00f3n\u201d. Por su parte, la actual ministra de Educaci\u00f3n de la Ciudad de Buenos Aires, Soledad Acu\u00f1a durante su exposici\u00f3n manifest\u00f3: \u201cEl problema actual del sistema educativo es de reglas de juego. El federalismo bien entendido es que existan equidad y garant\u00edas para que todas las provincias tengan igual acceso a la educaci\u00f3n\u201d.<\/p>\n<p>En esas l\u00edneas, el exministro de educaci\u00f3n Alejandro Finocchiaro coincidi\u00f3: \u201cEs una cuesti\u00f3n de valores, y una batalla cultural. Se trata de volver a poner a la educaci\u00f3n entre las prioridades. Admitir que somos un pa\u00eds que est\u00e1 en el subsuelo en materia educativa, y de ah\u00ed empezar de nuevo\u201d. Hoy , la jornada continua con cuatro paneles m\u00e1s, entre los que se incluye como oradores a Alberto F\u00f6hrig, coordinador de los equipos de gobierno de Patricia Bullrich; el exministro de Desarrollo Social de la Provincia de Buenos Aires, Santiago L\u00f3pez Medrano; desde Uruguay, el actual viceministro de Educaci\u00f3n, H\u00e9ctor Bouz\u00f3n y un mensaje del ex presidente Mauricio Macri.<\/p>\n","protected":false},"excerpt":{"rendered":"<p>Ayer se cumpli\u00f3 la primera jornada del Encuentro Federal de Educaci\u00f3n de la Fundaci\u00f3n Pensar. Con la ciudad de Mendoza como anfitriona de la regi\u00f3n Cuyo -y ante un auditorio colmado- el evento reuni\u00f3 a expertos, referentes sociales, pol\u00edticos y acad\u00e9micos con el objetivo de trabajar en una visi\u00f3n federal de educaci\u00f3n para el pa\u00eds. [&hellip;]<\/p>\n","protected":false},"author":3,"featured_media":40178,"comment_status":"open","ping_status":"open","sticky":false,"template":"","format":"standard","meta":{"_et_pb_use_builder":"","_et_pb_old_content":"","_et_gb_content_width":"","footnotes":""},"categories":[11,33],"tags":[],"class_list":["post-40177","post","type-post","status-publish","format-standard","has-post-thumbnail","hentry","category-ciudad","category-sociedad-y-cultura-2"],"_links":{"self":[{"href":"https:\/\/vocesdebaires.com.ar\/index.php\/wp-json\/wp\/v2\/posts\/40177"}],"collection":[{"href":"https:\/\/vocesdebaires.com.ar\/index.php\/wp-json\/wp\/v2\/posts"}],"about":[{"href":"https:\/\/vocesdebaires.com.ar\/index.php\/wp-json\/wp\/v2\/types\/post"}],"author":[{"embeddable":true,"href":"https:\/\/vocesdebaires.com.ar\/index.php\/wp-json\/wp\/v2\/users\/3"}],"replies":[{"embeddable":true,"href":"https:\/\/vocesdebaires.com.ar\/index.php\/wp-json\/wp\/v2\/comments?post=40177"}],"version-history":[{"count":2,"href":"https:\/\/vocesdebaires.com.ar\/index.php\/wp-json\/wp\/v2\/posts\/40177\/revisions"}],"predecessor-version":[{"id":40180,"href":"https:\/\/vocesdebaires.com.ar\/index.php\/wp-json\/wp\/v2\/posts\/40177\/revisions\/40180"}],"wp:featuredmedia":[{"embeddable":true,"href":"https:\/\/vocesdebaires.com.ar\/index.php\/wp-json\/wp\/v2\/media\/40178"}],"wp:attachment":[{"href":"https:\/\/vocesdebaires.com.ar\/index.php\/wp-json\/wp\/v2\/media?parent=40177"}],"wp:term":[{"taxonomy":"category","embeddable":true,"href":"https:\/\/vocesdebaires.com.ar\/index.php\/wp-json\/wp\/v2\/categories?post=40177"},{"taxonomy":"post_tag","embeddable":true,"href":"https:\/\/vocesdebaires.com.ar\/index.php\/wp-json\/wp\/v2\/tags?post=40177"}],"curies":[{"name":"wp","href":"https:\/\/api.w.org\/{rel}","templated":true}]}}