{"id":40186,"date":"2022-09-02T01:19:46","date_gmt":"2022-09-02T04:19:46","guid":{"rendered":"https:\/\/vocesdebaires.com.ar\/?p=40186"},"modified":"2022-09-02T01:21:00","modified_gmt":"2022-09-02T04:21:00","slug":"elecciones-en-italiacasi-800-000-ciudadanos-italianos-votaran-desde-argentina","status":"publish","type":"post","link":"https:\/\/vocesdebaires.com.ar\/index.php\/2022\/09\/02\/elecciones-en-italiacasi-800-000-ciudadanos-italianos-votaran-desde-argentina\/","title":{"rendered":"Elecciones en Italia: M\u00e1s de 800.000  italianos votaran desde Argentina"},"content":{"rendered":"<p>Las elecciones desde Argentina para elegir a los representantes de Am\u00e9rica del Sur en el parlamento italiano se llevar\u00e1n adelante por correspondencia a partir del 5 de septiembre hasta el 20 del mismo mes, y podr\u00e1n emitir su voto los electores inscriptos en el Registro de los Italianos Residentes en el Exterior (AIRE). En Argentina hay un total de 783.204 residentes italianos habilitados para votar, que corresponden a m\u00e1s de la mitad del padr\u00f3n total de la circunscripci\u00f3n Am\u00e9rica Meridional, donde se elegir\u00e1n 2 diputados y 1 senador para el Parlamento italiano.<\/p>\n<p>\u201cA partir del 5 septiembre, se le enviar\u00e1 a cada elector un sobre a su domicilio con las boletas para que puedan emitir su voto, donde el votante deber\u00e1 marcar con una cruz el s\u00edmbolo partidario elegido o expresar su voto de preferencia si o si con apellido.\u201d explic\u00f3 Eugenio Sangregorio, candidato y presidente de la Uni\u00f3n Sudamericana de Emigrantes Italianos, que busca renovar su banca en el Parlamento de Roma. La lista de la USEI est\u00e1 integrada tambi\u00e9n por los candidatos a diputados Renata Bueno, Francisco Nardelli y Vincenzo Carrozzino, y los candidatos a senadores Jos\u00e9 Palmiotti y Rodrigo Miguel.<\/p>\n<p>En Italia, los comicios se llevar\u00e1n adelante el 25 de septiembre y ser\u00e1n las primeras elecciones en las que se elijan 400 diputados y 200 senadores, luego de la reforma que redujo la cantidad parlamentarios desde los 630 y 315 actuales, respectivamente. \u201cEs muy importante que participemos de las elecciones para ejercer nuestro derecho democratico, y tambi\u00e9n para ser protagonistas del futuro de nuestra amada Italia, el pa\u00eds de nuestros abuelos, padres y hermanos. Por eso aunque vivas en Argentina, si te sent\u00eds italiano, vota como italiano\u201d declar\u00f3 Eugenio Sangregorio. Los votantes tienen tiempo de enviar sus sobres por correo hasta el 20 de septiembre. El consulado recibir\u00e1 los sobres hasta el 22 de septiembre hasta las 12 horas (hora local).<\/p>\n","protected":false},"excerpt":{"rendered":"<p>Las elecciones desde Argentina para elegir a los representantes de Am\u00e9rica del Sur en el parlamento italiano se llevar\u00e1n adelante por correspondencia a partir del 5 de septiembre hasta el 20 del mismo mes, y podr\u00e1n emitir su voto los electores inscriptos en el Registro de los Italianos Residentes en el Exterior (AIRE). En Argentina [&hellip;]<\/p>\n","protected":false},"author":2,"featured_media":40187,"comment_status":"open","ping_status":"open","sticky":false,"template":"","format":"standard","meta":{"_et_pb_use_builder":"","_et_pb_old_content":"","_et_gb_content_width":"","footnotes":""},"categories":[11,33],"tags":[],"class_list":["post-40186","post","type-post","status-publish","format-standard","has-post-thumbnail","hentry","category-ciudad","category-sociedad-y-cultura-2"],"_links":{"self":[{"href":"https:\/\/vocesdebaires.com.ar\/index.php\/wp-json\/wp\/v2\/posts\/40186"}],"collection":[{"href":"https:\/\/vocesdebaires.com.ar\/index.php\/wp-json\/wp\/v2\/posts"}],"about":[{"href":"https:\/\/vocesdebaires.com.ar\/index.php\/wp-json\/wp\/v2\/types\/post"}],"author":[{"embeddable":true,"href":"https:\/\/vocesdebaires.com.ar\/index.php\/wp-json\/wp\/v2\/users\/2"}],"replies":[{"embeddable":true,"href":"https:\/\/vocesdebaires.com.ar\/index.php\/wp-json\/wp\/v2\/comments?post=40186"}],"version-history":[{"count":3,"href":"https:\/\/vocesdebaires.com.ar\/index.php\/wp-json\/wp\/v2\/posts\/40186\/revisions"}],"predecessor-version":[{"id":40190,"href":"https:\/\/vocesdebaires.com.ar\/index.php\/wp-json\/wp\/v2\/posts\/40186\/revisions\/40190"}],"wp:featuredmedia":[{"embeddable":true,"href":"https:\/\/vocesdebaires.com.ar\/index.php\/wp-json\/wp\/v2\/media\/40187"}],"wp:attachment":[{"href":"https:\/\/vocesdebaires.com.ar\/index.php\/wp-json\/wp\/v2\/media?parent=40186"}],"wp:term":[{"taxonomy":"category","embeddable":true,"href":"https:\/\/vocesdebaires.com.ar\/index.php\/wp-json\/wp\/v2\/categories?post=40186"},{"taxonomy":"post_tag","embeddable":true,"href":"https:\/\/vocesdebaires.com.ar\/index.php\/wp-json\/wp\/v2\/tags?post=40186"}],"curies":[{"name":"wp","href":"https:\/\/api.w.org\/{rel}","templated":true}]}}