{"id":4019,"date":"2019-10-03T03:00:00","date_gmt":"2019-10-03T06:00:00","guid":{"rendered":"http:\/\/vocesdebaires.com.ar\/wordpress\/index.php\/2019\/10\/03\/una-nueva-edicion-del-concierto-de-primavera\/"},"modified":"2019-10-03T03:00:00","modified_gmt":"2019-10-03T06:00:00","slug":"una-nueva-edicion-del-concierto-de-primavera","status":"publish","type":"post","link":"https:\/\/vocesdebaires.com.ar\/index.php\/2019\/10\/03\/una-nueva-edicion-del-concierto-de-primavera\/","title":{"rendered":"Una nueva edici\u00f3n del Concierto de Primavera"},"content":{"rendered":"<p>Ayer por la tarde, la Legislatura de la Ciudad volvi\u00f3 a llenarse de m\u00fasica con una nueva edici\u00f3n del Concierto de Primavera. Este evento, organizado por la Presidencia de la Casa, re\u00fane a las 15 escuelas musicales porte\u00f1as.El sal\u00f3n Dorado luci\u00f3 colmado de alumnos y sus familiares. En esta oportunidad tocaron la Escuela de M\u00fasica N\u00b0 1, la N\u00b0 16, la N\u00b0 7, la N\u00b0 2 y la N\u00b0 3. Hubo c\u00e1tedras de canto, violoncelo, flauta dulce, traversa y clarinete. Tambi\u00e9n cuarteto de clarinetes. Johannes Brahms, Mariano Mores, Carl Webster y Ludwig van Beethoven fueron algunos de los autores interpretados por los alumnos. El Concierto de Primavera tendr\u00e1 su continuidad el lunes y martes de la semana que viene.<\/p>\n","protected":false},"excerpt":{"rendered":"<p>Ayer por la tarde, la Legislatura de la Ciudad volvi\u00f3 a llenarse de m\u00fasica con una nueva edici\u00f3n del Concierto de Primavera. Este evento, organizado por la Presidencia de la Casa, re\u00fane a las 15 escuelas musicales porte\u00f1as.El sal\u00f3n Dorado luci\u00f3 colmado de alumnos y sus familiares. En esta oportunidad tocaron la Escuela de M\u00fasica [&hellip;]<\/p>\n","protected":false},"author":1,"featured_media":3978,"comment_status":"open","ping_status":"open","sticky":false,"template":"","format":"standard","meta":{"_et_pb_use_builder":"","_et_pb_old_content":"","_et_gb_content_width":"","footnotes":""},"categories":[11,33],"tags":[],"class_list":["post-4019","post","type-post","status-publish","format-standard","has-post-thumbnail","hentry","category-ciudad","category-sociedad-y-cultura-2"],"_links":{"self":[{"href":"https:\/\/vocesdebaires.com.ar\/index.php\/wp-json\/wp\/v2\/posts\/4019"}],"collection":[{"href":"https:\/\/vocesdebaires.com.ar\/index.php\/wp-json\/wp\/v2\/posts"}],"about":[{"href":"https:\/\/vocesdebaires.com.ar\/index.php\/wp-json\/wp\/v2\/types\/post"}],"author":[{"embeddable":true,"href":"https:\/\/vocesdebaires.com.ar\/index.php\/wp-json\/wp\/v2\/users\/1"}],"replies":[{"embeddable":true,"href":"https:\/\/vocesdebaires.com.ar\/index.php\/wp-json\/wp\/v2\/comments?post=4019"}],"version-history":[{"count":0,"href":"https:\/\/vocesdebaires.com.ar\/index.php\/wp-json\/wp\/v2\/posts\/4019\/revisions"}],"wp:featuredmedia":[{"embeddable":true,"href":"https:\/\/vocesdebaires.com.ar\/index.php\/wp-json\/wp\/v2\/media\/3978"}],"wp:attachment":[{"href":"https:\/\/vocesdebaires.com.ar\/index.php\/wp-json\/wp\/v2\/media?parent=4019"}],"wp:term":[{"taxonomy":"category","embeddable":true,"href":"https:\/\/vocesdebaires.com.ar\/index.php\/wp-json\/wp\/v2\/categories?post=4019"},{"taxonomy":"post_tag","embeddable":true,"href":"https:\/\/vocesdebaires.com.ar\/index.php\/wp-json\/wp\/v2\/tags?post=4019"}],"curies":[{"name":"wp","href":"https:\/\/api.w.org\/{rel}","templated":true}]}}