{"id":40194,"date":"2022-09-02T01:25:20","date_gmt":"2022-09-02T04:25:20","guid":{"rendered":"https:\/\/vocesdebaires.com.ar\/?p=40194"},"modified":"2022-09-02T01:25:20","modified_gmt":"2022-09-02T04:25:20","slug":"en-la-ciudadse-realizo-el-8-latam-economic-forum-fue-un-exito-total","status":"publish","type":"post","link":"https:\/\/vocesdebaires.com.ar\/index.php\/2022\/09\/02\/en-la-ciudadse-realizo-el-8-latam-economic-forum-fue-un-exito-total\/","title":{"rendered":"En la ciudad:Se realiz\u00f3 el 8\u00b0 Latam Economic Forum fue un \u00e9xito total!!!"},"content":{"rendered":"<p>M\u00e1s de 500 personas se acercaron al Alvear Palace Hotel para disfrutar de este gran evento con fines solidarios. Todo lo recaudado se destinar\u00e1 a los programas de ayuda alimentaria y mejora\/reparaci\u00f3n de viviendas de La Fundaci\u00f3n de Acci\u00f3n Social de Jabad y para contribuir a la obra del nuevo Centro de Esterilizaci\u00f3n que est\u00e1 liderando la Cooperadora del Hospital de Ni\u00f1os Ricardo Guti\u00e9rrez. El economista Javier Milei cerr\u00f3 el pasado jueves el evento 8\u00b0 Latam Economic Forum. con mas de 500 personas presentes y Asegur\u00f3 que ser\u00e1 el pr\u00f3ximo Presidente<br \/>\nSu discurso fue dur\u00edsimo y dio un duro pron\u00f3stico \u201cLa Argentina est\u00e1 al borde de la peor crisis de su historia\u201d<\/p>\n","protected":false},"excerpt":{"rendered":"<p>M\u00e1s de 500 personas se acercaron al Alvear Palace Hotel para disfrutar de este gran evento con fines solidarios. Todo lo recaudado se destinar\u00e1 a los programas de ayuda alimentaria y mejora\/reparaci\u00f3n de viviendas de La Fundaci\u00f3n de Acci\u00f3n Social de Jabad y para contribuir a la obra del nuevo Centro de Esterilizaci\u00f3n que est\u00e1 [&hellip;]<\/p>\n","protected":false},"author":2,"featured_media":40195,"comment_status":"open","ping_status":"open","sticky":false,"template":"","format":"standard","meta":{"_et_pb_use_builder":"","_et_pb_old_content":"","_et_gb_content_width":"","footnotes":""},"categories":[11,33],"tags":[],"class_list":["post-40194","post","type-post","status-publish","format-standard","has-post-thumbnail","hentry","category-ciudad","category-sociedad-y-cultura-2"],"_links":{"self":[{"href":"https:\/\/vocesdebaires.com.ar\/index.php\/wp-json\/wp\/v2\/posts\/40194"}],"collection":[{"href":"https:\/\/vocesdebaires.com.ar\/index.php\/wp-json\/wp\/v2\/posts"}],"about":[{"href":"https:\/\/vocesdebaires.com.ar\/index.php\/wp-json\/wp\/v2\/types\/post"}],"author":[{"embeddable":true,"href":"https:\/\/vocesdebaires.com.ar\/index.php\/wp-json\/wp\/v2\/users\/2"}],"replies":[{"embeddable":true,"href":"https:\/\/vocesdebaires.com.ar\/index.php\/wp-json\/wp\/v2\/comments?post=40194"}],"version-history":[{"count":1,"href":"https:\/\/vocesdebaires.com.ar\/index.php\/wp-json\/wp\/v2\/posts\/40194\/revisions"}],"predecessor-version":[{"id":40196,"href":"https:\/\/vocesdebaires.com.ar\/index.php\/wp-json\/wp\/v2\/posts\/40194\/revisions\/40196"}],"wp:featuredmedia":[{"embeddable":true,"href":"https:\/\/vocesdebaires.com.ar\/index.php\/wp-json\/wp\/v2\/media\/40195"}],"wp:attachment":[{"href":"https:\/\/vocesdebaires.com.ar\/index.php\/wp-json\/wp\/v2\/media?parent=40194"}],"wp:term":[{"taxonomy":"category","embeddable":true,"href":"https:\/\/vocesdebaires.com.ar\/index.php\/wp-json\/wp\/v2\/categories?post=40194"},{"taxonomy":"post_tag","embeddable":true,"href":"https:\/\/vocesdebaires.com.ar\/index.php\/wp-json\/wp\/v2\/tags?post=40194"}],"curies":[{"name":"wp","href":"https:\/\/api.w.org\/{rel}","templated":true}]}}