{"id":4020,"date":"2019-10-03T03:00:00","date_gmt":"2019-10-03T06:00:00","guid":{"rendered":"http:\/\/vocesdebaires.com.ar\/wordpress\/index.php\/2019\/10\/03\/san-telmo-un-mural-a-leonardo-favio\/"},"modified":"2019-10-03T03:00:00","modified_gmt":"2019-10-03T06:00:00","slug":"san-telmo-un-mural-a-leonardo-favio","status":"publish","type":"post","link":"https:\/\/vocesdebaires.com.ar\/index.php\/2019\/10\/03\/san-telmo-un-mural-a-leonardo-favio\/","title":{"rendered":"San Telmo: Un  mural  a Leonardo Favio"},"content":{"rendered":"<p>Se realiz\u00f3 el evento de declaraci\u00f3n de Inter\u00e9s Cultural del mural tributo al artista Leonardo Favio por su valor cultural como obra y tributo al cineasta argentino, y como parte del patrimonio del Casco Hist\u00f3rico de la Ciudad.La legisladora\u00a0 Paula Penacca (UC), impulsora de la iniciativa, encabez\u00f3 la apertura del evento y destac\u00f3 la importancia de darle lugar a espacios de trabajo que honran y reconocen la identidad barrial en la Ciudad. &quot;El trabajo, la cultura y el arte popular son un conjunto de factores indispensables para la construcci\u00f3n colectiva, Leonardo merece un homenaje as\u00ed&quot;, sostuvo.<\/p>\n<p>El mural, ubicado en la esquina de las calles Chile y Bol\u00edvar del barrio de San Telmo, Comuna 1, fue realizado en 2014 por el colectivo de artistas &quot;Fileteadores del conurbano&quot;, coordinado por Freddy Fern\u00e1ndez. Se encuentra ubicado en la ochava del inmueble situado en Chile 496, sede de La Cooperativa de Trabajo en Artes y Oficios Limitada Estaci\u00f3n San Telmo, la cual realiza actividades de capacitaci\u00f3n en oficios a personas en situaci\u00f3n de calle, en riesgo social y laboral.<\/p>\n<p>Contar con un mural de Leonardo Favio en estas calles tan transitadas por turismo nacional e internacional representa mantener activo el tributo a uno de los artistas populares m\u00e1s representativos de la historia del pa\u00eds. Fue director de cine, artista, productor, guionista y cantautor. Sus pel\u00edculas \u201cCr\u00f3nica de un ni\u00f1o solo\u201d y \u201cEl romance del Aniceto y la Francisca\u201d suelen ser evaluadas entre las mejores de la historia del cine argentino. Entre sus canciones m\u00e1s populares se encuentran \u201cDing Dong estas cosas del amor\u201d (con Carola), \u201cSimplemente una rosa\u201d de la pel\u00edcula del mismo nombre, \u201cFuiste m\u00eda un verano\u201d, \u201cElla ya me olvid\u00f3\u201d, \u201cQuiero aprender de memoria\u201d, \u201cMi tristeza es m\u00eda y nada m\u00e1s\u201d, entre otras.<\/p>\n","protected":false},"excerpt":{"rendered":"<p>Se realiz\u00f3 el evento de declaraci\u00f3n de Inter\u00e9s Cultural del mural tributo al artista Leonardo Favio por su valor cultural como obra y tributo al cineasta argentino, y como parte del patrimonio del Casco Hist\u00f3rico de la Ciudad.La legisladora\u00a0 Paula Penacca (UC), impulsora de la iniciativa, encabez\u00f3 la apertura del evento y destac\u00f3 la importancia [&hellip;]<\/p>\n","protected":false},"author":1,"featured_media":4021,"comment_status":"open","ping_status":"open","sticky":false,"template":"","format":"standard","meta":{"_et_pb_use_builder":"","_et_pb_old_content":"","_et_gb_content_width":"","footnotes":""},"categories":[11,33],"tags":[],"class_list":["post-4020","post","type-post","status-publish","format-standard","has-post-thumbnail","hentry","category-ciudad","category-sociedad-y-cultura-2"],"_links":{"self":[{"href":"https:\/\/vocesdebaires.com.ar\/index.php\/wp-json\/wp\/v2\/posts\/4020"}],"collection":[{"href":"https:\/\/vocesdebaires.com.ar\/index.php\/wp-json\/wp\/v2\/posts"}],"about":[{"href":"https:\/\/vocesdebaires.com.ar\/index.php\/wp-json\/wp\/v2\/types\/post"}],"author":[{"embeddable":true,"href":"https:\/\/vocesdebaires.com.ar\/index.php\/wp-json\/wp\/v2\/users\/1"}],"replies":[{"embeddable":true,"href":"https:\/\/vocesdebaires.com.ar\/index.php\/wp-json\/wp\/v2\/comments?post=4020"}],"version-history":[{"count":0,"href":"https:\/\/vocesdebaires.com.ar\/index.php\/wp-json\/wp\/v2\/posts\/4020\/revisions"}],"wp:featuredmedia":[{"embeddable":true,"href":"https:\/\/vocesdebaires.com.ar\/index.php\/wp-json\/wp\/v2\/media\/4021"}],"wp:attachment":[{"href":"https:\/\/vocesdebaires.com.ar\/index.php\/wp-json\/wp\/v2\/media?parent=4020"}],"wp:term":[{"taxonomy":"category","embeddable":true,"href":"https:\/\/vocesdebaires.com.ar\/index.php\/wp-json\/wp\/v2\/categories?post=4020"},{"taxonomy":"post_tag","embeddable":true,"href":"https:\/\/vocesdebaires.com.ar\/index.php\/wp-json\/wp\/v2\/tags?post=4020"}],"curies":[{"name":"wp","href":"https:\/\/api.w.org\/{rel}","templated":true}]}}