{"id":40212,"date":"2022-09-05T00:00:20","date_gmt":"2022-09-05T03:00:20","guid":{"rendered":"https:\/\/vocesdebaires.com.ar\/?p=40212"},"modified":"2022-09-04T21:58:28","modified_gmt":"2022-09-05T00:58:28","slug":"ciudadnuevo-curso-de-programacion-para-mujeres-refugiadasnosotras-conectadas","status":"publish","type":"post","link":"https:\/\/vocesdebaires.com.ar\/index.php\/2022\/09\/05\/ciudadnuevo-curso-de-programacion-para-mujeres-refugiadasnosotras-conectadas\/","title":{"rendered":"Ciudad:Nuevo curso de programaci\u00f3n para mujeres refugiadas"},"content":{"rendered":"<p>Desde la Direcci\u00f3n General de Colectividades de la Subsecretar\u00eda de Derechos Humanos y Pluralismo Cultural de la Ciudad, junto a ACNUR, la Agencia de Naciones Unidas para los Refugiados, y L&#8217;Or\u00e9al Argentina, se lanz\u00f3 la segunda edici\u00f3n de \u201cNosotras Conectadas\u201d, un programa de becas para la formaci\u00f3n en programaci\u00f3n destinado especialmente a mujeres refugiadas, migrantes y otras en condiciones de vulnerabilidad. La inscripci\u00f3n estar\u00e1 abierta hasta el martes 20 de septiembre. En caso de que las inscripciones excedan el cupo l\u00edmite, se priorizar\u00e1n los casos teniendo en cuenta la mayor vulnerabilidad socio-econ\u00f3mica y cultural de las postulantes.<\/p>\n<p>Al igual que en la primera edici\u00f3n, el programa se brindar\u00e1 de la mano de instituciones de primer nivel especializadas en el \u00e1mbito y la tem\u00e1tica tecnol\u00f3gico-digital. La modalidad ser\u00e1 100% virtual, brindando as\u00ed una capacitaci\u00f3n lo suficientemente completa como para desempe\u00f1arse en este \u00e1rea. Se espera que, al finalizar, 100 mujeres reciban certificaci\u00f3n en Full Stack. La convocatoria se encuentra abierta para mujeres mayores de 18 a\u00f1os solicitantes de la condici\u00f3n de refugiadas, migrantes, ap\u00e1tridas, admitidas por medio de programas de visado humanitario o con necesidades de protecci\u00f3n internacional, y otras en condiciones de vulnerabilidad, residentes en la Ciudad y en el \u00c1rea Metropolitana de Buenos Aires. Para la inscripci\u00f3n no se requiere educaci\u00f3n formal previa y quienes est\u00e9n interesadas deber\u00e1n inscribirse a trav\u00e9s de un formulario.<\/p>\n<p><strong>Sobre Nosotras Conectadas<\/strong><br \/>\n\u201cNosotras Conectadas\u201d busca dar respuesta a los desaf\u00edos de una poblaci\u00f3n que generalmente cuenta con poca formaci\u00f3n y se encuentra en el sector informal. A ello se suma que ante el contexto de la pandemia por el COVID-19 muchas mujeres refugiadas y migrantes sufrieron la p\u00e9rdida de trabajo de manera total o parcial y una abrupta disminuci\u00f3n salarial. En este sentido, el objetivo de esta iniciativa es la promoci\u00f3n de la autonom\u00eda econ\u00f3mica y el crecimiento personal de las participantes, orient\u00e1ndolas hacia sectores formales con potencialidades de crecimiento profesional y salarial.<\/p>\n<p>Con respecto al programa, Pamela Malewicz, subsecretaria de Derechos Humanos y Pluralismo Cultural de la Ciudad, explic\u00f3: \u201cEl programa tiene un enfoque interseccional, porque contempla la doble vulneraci\u00f3n que enfrentan estas mujeres, tanto en relaci\u00f3n al g\u00e9nero, siendo el sector de las tecnolog\u00edas uno especialmente masculinizado, como a su desplazamiento forzado\u201d.<br \/>\nPor su parte, Juan Carlos Murillo, representante de ACNUR para el Sur de Am\u00e9rica Latina, destac\u00f3: \u201cLa inserci\u00f3n laboral de las mujeres refugiadas es prioridad en nuestro trabajo en Argentina.<\/p>\n<p>Con esta iniciativa buscamos no s\u00f3lo generar oportunidades de trabajo, promoviendo la autonom\u00eda econ\u00f3mica, sino tambi\u00e9n el acceso de las mujeres a la educaci\u00f3n y la capacitaci\u00f3n en tecnolog\u00eda, un sector en crecimiento en Am\u00e9rica Latina. Se trata de contribuir con una experiencia que ha probado ser exitosa, para avanzar hacia la igualdad de g\u00e9nero en el sector de la tecnolog\u00eda e impactar de forma positiva en mujeres que se encuentran en situaci\u00f3n de vulnerabilidad\u201d.<\/p>\n<p>\u201cLa primera edici\u00f3n del programa fue muy exitosa, con un grupo pionero de 96 graduadas que asumieron el desaf\u00edo con entusiasmo, constancia y esp\u00edritu de superaci\u00f3n para capacitarse en un curso que abre las puertas a oportunidades laborales reales y concretas. Por eso, seguimos apostando a la generaci\u00f3n de espacios de formaci\u00f3n para apoyar el desarrollo de los talentos y habilidades de mujeres refugiadas y migrantes en distintas \u00e1reas, y que puedan comenzar a transformar su plan de vida y construir un mejor futuro\u201d, expres\u00f3 Mercedes Barbara, Directora General de Colectividades.<\/p>\n<p>\u201cEn L\u2019Or\u00e9al nos llena de orgullo seguir contribuyendo al empoderamiento de las mujeres y su inserci\u00f3n laboral. Como parte de nuestro plan de sustentabilidad L\u2019Or\u00e9al por el Futuro, lanzamos en 2020 el Fondo L\u2019Or\u00e9al para la Mujer, que consiste en, a partir de la donaci\u00f3n ben\u00e9fica, apoyar a las organizaciones o fundaciones se comprometen a apoyar y defender los derechos de las mujeres, donde ACNUR no es la excepci\u00f3n. Formar parte de esta iniciativa reafirma el compromiso que tenemos en L\u2019Or\u00e9al de contribuir a resolver los principales desaf\u00edos del mundo y a atender las necesidades sociales urgentes, generando un impacto positivo y un cambio en las vidas de muchas mujeres\u201d, confirm\u00f3 Mariana Petrina, Directora de Asuntos Corporativos, Engagement y Sustentabilidad. Para consultas y mayor informaci\u00f3n sobre el programa, ingresar a nuestro sitio web, enviar un correo a colectividades@buenosaires.gob.ar.<\/p>\n<p>Fotos GCBA<\/p>\n","protected":false},"excerpt":{"rendered":"<p>Desde la Direcci\u00f3n General de Colectividades de la Subsecretar\u00eda de Derechos Humanos y Pluralismo Cultural de la Ciudad, junto a ACNUR, la Agencia de Naciones Unidas para los Refugiados, y L&#8217;Or\u00e9al Argentina, se lanz\u00f3 la segunda edici\u00f3n de \u201cNosotras Conectadas\u201d, un programa de becas para la formaci\u00f3n en programaci\u00f3n destinado especialmente a mujeres refugiadas, migrantes [&hellip;]<\/p>\n","protected":false},"author":3,"featured_media":40213,"comment_status":"open","ping_status":"open","sticky":false,"template":"","format":"standard","meta":{"_et_pb_use_builder":"","_et_pb_old_content":"","_et_gb_content_width":"","footnotes":""},"categories":[11,33],"tags":[],"class_list":["post-40212","post","type-post","status-publish","format-standard","has-post-thumbnail","hentry","category-ciudad","category-sociedad-y-cultura-2"],"_links":{"self":[{"href":"https:\/\/vocesdebaires.com.ar\/index.php\/wp-json\/wp\/v2\/posts\/40212"}],"collection":[{"href":"https:\/\/vocesdebaires.com.ar\/index.php\/wp-json\/wp\/v2\/posts"}],"about":[{"href":"https:\/\/vocesdebaires.com.ar\/index.php\/wp-json\/wp\/v2\/types\/post"}],"author":[{"embeddable":true,"href":"https:\/\/vocesdebaires.com.ar\/index.php\/wp-json\/wp\/v2\/users\/3"}],"replies":[{"embeddable":true,"href":"https:\/\/vocesdebaires.com.ar\/index.php\/wp-json\/wp\/v2\/comments?post=40212"}],"version-history":[{"count":2,"href":"https:\/\/vocesdebaires.com.ar\/index.php\/wp-json\/wp\/v2\/posts\/40212\/revisions"}],"predecessor-version":[{"id":40215,"href":"https:\/\/vocesdebaires.com.ar\/index.php\/wp-json\/wp\/v2\/posts\/40212\/revisions\/40215"}],"wp:featuredmedia":[{"embeddable":true,"href":"https:\/\/vocesdebaires.com.ar\/index.php\/wp-json\/wp\/v2\/media\/40213"}],"wp:attachment":[{"href":"https:\/\/vocesdebaires.com.ar\/index.php\/wp-json\/wp\/v2\/media?parent=40212"}],"wp:term":[{"taxonomy":"category","embeddable":true,"href":"https:\/\/vocesdebaires.com.ar\/index.php\/wp-json\/wp\/v2\/categories?post=40212"},{"taxonomy":"post_tag","embeddable":true,"href":"https:\/\/vocesdebaires.com.ar\/index.php\/wp-json\/wp\/v2\/tags?post=40212"}],"curies":[{"name":"wp","href":"https:\/\/api.w.org\/{rel}","templated":true}]}}