{"id":40217,"date":"2022-09-05T00:00:41","date_gmt":"2022-09-05T03:00:41","guid":{"rendered":"https:\/\/vocesdebaires.com.ar\/?p=40217"},"modified":"2022-09-04T22:01:34","modified_gmt":"2022-09-05T01:01:34","slug":"la-legislatura-portena-manifesto-su-preocupacion-y-energico-repudio","status":"publish","type":"post","link":"https:\/\/vocesdebaires.com.ar\/index.php\/2022\/09\/05\/la-legislatura-portena-manifesto-su-preocupacion-y-energico-repudio\/","title":{"rendered":"La Legislatura porte\u00f1a manifest\u00f3 su &#8216;preocupaci\u00f3n y en\u00e9rgico repudio&#8217;"},"content":{"rendered":"<p>\u00abLa Legislatura de la Ciudad Aut\u00f3noma de Buenos Aires expresa su m\u00e1xima preocupaci\u00f3n y en\u00e9rgico repudio por el intento de magnicidio perpetrado contra la vida de la Vicepresidente de la Naci\u00f3n, Cristina Fern\u00e1ndez de Kirchner\u00bb, dice textualmente la declaraci\u00f3n aprobada en la sesi\u00f3n especial que tuvo lugar el pasado s\u00e1bado por la tarde. Tras la votaci\u00f3n a mano alzada en la que el bloque La Libertad Avanza se pronunci\u00f3 por la abstenci\u00f3n, se debati\u00f3 durante una hora con discursos de todas las representaciones parlamentarias.<\/p>\n<p>Hubo unanimidad en el repudio y la necesidad que lo sucedido la noche del pasado jueves sea esclarecido por la investigaci\u00f3n judicial. La sesi\u00f3n especial fue solicitada en la v\u00edspera por m\u00e1s de veinte legisladores de los bloques Frente de Todos y de izquierda. Cumpliendo con lo establecido por el art\u00edculo 68, inciso 1 del reglamento interno, el Vicepresidente 1\u00b0 a cargo de la Presidencia del Cuerpo Parlamentario el legislador porte\u00f1o Emmanuel Ferrario, efectu\u00f3 la convocatoria mediante el Decreto N\u00b0 034-PSP-2022 y hoy en el Recinto ocup\u00f3 el estrado.<\/p>\n","protected":false},"excerpt":{"rendered":"<p>\u00abLa Legislatura de la Ciudad Aut\u00f3noma de Buenos Aires expresa su m\u00e1xima preocupaci\u00f3n y en\u00e9rgico repudio por el intento de magnicidio perpetrado contra la vida de la Vicepresidente de la Naci\u00f3n, Cristina Fern\u00e1ndez de Kirchner\u00bb, dice textualmente la declaraci\u00f3n aprobada en la sesi\u00f3n especial que tuvo lugar el pasado s\u00e1bado por la tarde. Tras la [&hellip;]<\/p>\n","protected":false},"author":2,"featured_media":40218,"comment_status":"open","ping_status":"open","sticky":false,"template":"","format":"standard","meta":{"_et_pb_use_builder":"","_et_pb_old_content":"","_et_gb_content_width":"","footnotes":""},"categories":[11,33],"tags":[],"class_list":["post-40217","post","type-post","status-publish","format-standard","has-post-thumbnail","hentry","category-ciudad","category-sociedad-y-cultura-2"],"_links":{"self":[{"href":"https:\/\/vocesdebaires.com.ar\/index.php\/wp-json\/wp\/v2\/posts\/40217"}],"collection":[{"href":"https:\/\/vocesdebaires.com.ar\/index.php\/wp-json\/wp\/v2\/posts"}],"about":[{"href":"https:\/\/vocesdebaires.com.ar\/index.php\/wp-json\/wp\/v2\/types\/post"}],"author":[{"embeddable":true,"href":"https:\/\/vocesdebaires.com.ar\/index.php\/wp-json\/wp\/v2\/users\/2"}],"replies":[{"embeddable":true,"href":"https:\/\/vocesdebaires.com.ar\/index.php\/wp-json\/wp\/v2\/comments?post=40217"}],"version-history":[{"count":1,"href":"https:\/\/vocesdebaires.com.ar\/index.php\/wp-json\/wp\/v2\/posts\/40217\/revisions"}],"predecessor-version":[{"id":40219,"href":"https:\/\/vocesdebaires.com.ar\/index.php\/wp-json\/wp\/v2\/posts\/40217\/revisions\/40219"}],"wp:featuredmedia":[{"embeddable":true,"href":"https:\/\/vocesdebaires.com.ar\/index.php\/wp-json\/wp\/v2\/media\/40218"}],"wp:attachment":[{"href":"https:\/\/vocesdebaires.com.ar\/index.php\/wp-json\/wp\/v2\/media?parent=40217"}],"wp:term":[{"taxonomy":"category","embeddable":true,"href":"https:\/\/vocesdebaires.com.ar\/index.php\/wp-json\/wp\/v2\/categories?post=40217"},{"taxonomy":"post_tag","embeddable":true,"href":"https:\/\/vocesdebaires.com.ar\/index.php\/wp-json\/wp\/v2\/tags?post=40217"}],"curies":[{"name":"wp","href":"https:\/\/api.w.org\/{rel}","templated":true}]}}