{"id":4022,"date":"2019-10-03T03:00:00","date_gmt":"2019-10-03T06:00:00","guid":{"rendered":"http:\/\/vocesdebaires.com.ar\/wordpress\/index.php\/2019\/10\/03\/ciudad-exponen-alumnos-de-educacion-artistica\/"},"modified":"2019-10-03T03:00:00","modified_gmt":"2019-10-03T06:00:00","slug":"ciudad-exponen-alumnos-de-educacion-artistica","status":"publish","type":"post","link":"https:\/\/vocesdebaires.com.ar\/index.php\/2019\/10\/03\/ciudad-exponen-alumnos-de-educacion-artistica\/","title":{"rendered":"Ciudad: Exponen alumnos de Educaci\u00f3n Art\u00edstica"},"content":{"rendered":"<p>&quot;Gesto y Conmemoraci\u00f3n&quot; es el nombre de la exposici\u00f3n art\u00edstica inaugurada ayer por la\u00a0 tarde en el primer piso de la Legislatura porte\u00f1a por autoridades educativas del gobierno de la Ciudad de Buenos Aires y directivos culturales del palacio parlamentario.Se trata de una muestra de los estudiantes de la Escuela Superior de Educaci\u00f3n Art\u00edstica Rogelio Yrurtia, establecimiento de car\u00e1cter p\u00fablico y estatal que depende del Ministerio de Educaci\u00f3n de la Ciudad.Puede ser visitada todos los d\u00edas h\u00e1biles, de 9:00 a 19:00, en la sede de la Legislatura, ingresando por Pero 160. Las obras se exhiben en el denominado Espacio de los Atlantes o Galer\u00eda de Arte San Mart\u00edn.<\/p>\n","protected":false},"excerpt":{"rendered":"<p>&quot;Gesto y Conmemoraci\u00f3n&quot; es el nombre de la exposici\u00f3n art\u00edstica inaugurada ayer por la\u00a0 tarde en el primer piso de la Legislatura porte\u00f1a por autoridades educativas del gobierno de la Ciudad de Buenos Aires y directivos culturales del palacio parlamentario.Se trata de una muestra de los estudiantes de la Escuela Superior de Educaci\u00f3n Art\u00edstica Rogelio [&hellip;]<\/p>\n","protected":false},"author":1,"featured_media":4023,"comment_status":"open","ping_status":"open","sticky":false,"template":"","format":"standard","meta":{"_et_pb_use_builder":"","_et_pb_old_content":"","_et_gb_content_width":"","footnotes":""},"categories":[11,33],"tags":[],"class_list":["post-4022","post","type-post","status-publish","format-standard","has-post-thumbnail","hentry","category-ciudad","category-sociedad-y-cultura-2"],"_links":{"self":[{"href":"https:\/\/vocesdebaires.com.ar\/index.php\/wp-json\/wp\/v2\/posts\/4022"}],"collection":[{"href":"https:\/\/vocesdebaires.com.ar\/index.php\/wp-json\/wp\/v2\/posts"}],"about":[{"href":"https:\/\/vocesdebaires.com.ar\/index.php\/wp-json\/wp\/v2\/types\/post"}],"author":[{"embeddable":true,"href":"https:\/\/vocesdebaires.com.ar\/index.php\/wp-json\/wp\/v2\/users\/1"}],"replies":[{"embeddable":true,"href":"https:\/\/vocesdebaires.com.ar\/index.php\/wp-json\/wp\/v2\/comments?post=4022"}],"version-history":[{"count":0,"href":"https:\/\/vocesdebaires.com.ar\/index.php\/wp-json\/wp\/v2\/posts\/4022\/revisions"}],"wp:featuredmedia":[{"embeddable":true,"href":"https:\/\/vocesdebaires.com.ar\/index.php\/wp-json\/wp\/v2\/media\/4023"}],"wp:attachment":[{"href":"https:\/\/vocesdebaires.com.ar\/index.php\/wp-json\/wp\/v2\/media?parent=4022"}],"wp:term":[{"taxonomy":"category","embeddable":true,"href":"https:\/\/vocesdebaires.com.ar\/index.php\/wp-json\/wp\/v2\/categories?post=4022"},{"taxonomy":"post_tag","embeddable":true,"href":"https:\/\/vocesdebaires.com.ar\/index.php\/wp-json\/wp\/v2\/tags?post=4022"}],"curies":[{"name":"wp","href":"https:\/\/api.w.org\/{rel}","templated":true}]}}