{"id":40224,"date":"2022-09-06T11:12:10","date_gmt":"2022-09-06T14:12:10","guid":{"rendered":"https:\/\/vocesdebaires.com.ar\/?p=40224"},"modified":"2022-09-06T11:17:09","modified_gmt":"2022-09-06T14:17:09","slug":"gran-campeonato-provincial-canotaje-en-el-lago-de-tandil","status":"publish","type":"post","link":"https:\/\/vocesdebaires.com.ar\/index.php\/2022\/09\/06\/gran-campeonato-provincial-canotaje-en-el-lago-de-tandil\/","title":{"rendered":"Gran Campeonato Provincial Canotaje en el Lago de Tandil"},"content":{"rendered":"<p>Septiembre promete no s\u00f3lo un clima apacible y un paisaje florecido, sino tambi\u00e9n actividades deportivas, aventuras, buena gastronom\u00eda, shows musicales y un descanso en las sierras tandilenses. A toda la oferta tur\u00edstica se suma el pr\u00f3ximo fin de semana el campeonato provincial del canotaje de pista sobre 500 y 200 metros y regatas promocionales de circuito que competir\u00e1n durante el s\u00e1bado 10 y domingo 11 en el Centro N\u00e1utico de Tandil, ubicado a la vera del Lago del Fuerte.<\/p>\n<p>Los organizadores del evento se mostraron muy optimistas ante este encuentro, que cada a\u00f1o re\u00fane a un gran n\u00famero de competidores y ya es un \u00e9xito para la ciudad. El presidente del Club N\u00e1utico, Fabricio Stampone, dijo que \u201cesta es la 27 edici\u00f3n de la Regata de Provincial de pistas que comenz\u00f3 siendo internacional en un inicio. Se hace sobre 500 y 200 metros sobre las regatas oficiales y regatas promocionales de 1000 y 2000. Participan m\u00e1s de 600 palistas de la Provincia de Buenos Aires y otras.<\/p>\n<p>En este evento se correr\u00e1n todas las categor\u00edas: pre infantiles, infantiles y menores que son los promocionales como as\u00ed tambi\u00e9n las regatas oficiales que son de cadetes, juniors, seniors y todas las categor\u00edas de masters mayores de 35 a\u00f1os. Tambi\u00e9n botes y canoas ol\u00edmpicas de todas las categor\u00edas\u201d, dijo. Todas las regatas son abiertas a palistas Federados y no Federados y, como siempre, ser\u00e1 obligatorio el uso de chaleco salvavidas hasta la categor\u00eda menores inclusive, siendo optativo para las dem\u00e1s categor\u00edas.<\/p>\n<p>Los visitantes no s\u00f3lo podr\u00e1n vivir una tarde a pura naturaleza frente al Lago del Fuerte, sino tambi\u00e9n disfrutar de una merienda o alg\u00fan men\u00fa especial para luego realizar caminatas por los alrededores conociendo los atractivos m\u00e1s cercanos como es el Monumento a Don Quijote de la Mancha, que permite disfrutar la ciudad desde las sierras. Para los m\u00e1s osados la alternativa es tomar la avenida Don Bosco hasta la calle Papa Francisco, donde se encuentra el predio del Cristo de las Sierras un monumento de 10 metros de alto enclavado en plena naturaleza. Al lugar se accede, desde la avenida Don Bosco, por una calle denominada Papa Francisco.<\/p>\n<p>Por su parte, el domingo las mujeres emprendedoras ofrecen otra propuesta en La Plaza Moreno, se trata de una feria donde se podr\u00e1n encontrar numerosos trabajos realizados con sus propias manos.Para los que deseen escaparse de la ciudad y visitar la ruralidad, Fulton es una de las alternativas. Se trata de un peque\u00f1o pueblo rural donde se fabrican alfajores artesanales en las instalaciones del antiguo Ferrocarril.<\/p>\n<p>Y si desea almorzar al aire libre, con el sonido de los p\u00e1jaros, \u201cEl Almac\u00e9n de Adela\u201d los estar\u00e1 esperando con un men\u00fa casero y original. Otra alternativa es visitar Azucena, Vela, Gardey o de La Canal, pueblos rurales que conservan la magia de la ruralidad con sus almacenes de campo, la comida casera, los embutidos y los quesos. Este fin de semana con la primavera Tandil florece con miles actividades, no deje de visitar el Museo del Fuerte, el Aeroclub para dar un paseo y conocer la ciudad desde el aire y visitar los numerosos parques, ideales para el placer de los m\u00e1s peque\u00f1os.<\/p>\n","protected":false},"excerpt":{"rendered":"<p>Septiembre promete no s\u00f3lo un clima apacible y un paisaje florecido, sino tambi\u00e9n actividades deportivas, aventuras, buena gastronom\u00eda, shows musicales y un descanso en las sierras tandilenses. A toda la oferta tur\u00edstica se suma el pr\u00f3ximo fin de semana el campeonato provincial del canotaje de pista sobre 500 y 200 metros y regatas promocionales de [&hellip;]<\/p>\n","protected":false},"author":3,"featured_media":40231,"comment_status":"open","ping_status":"open","sticky":false,"template":"","format":"standard","meta":{"_et_pb_use_builder":"","_et_pb_old_content":"","_et_gb_content_width":"","footnotes":""},"categories":[13,33],"tags":[],"class_list":["post-40224","post","type-post","status-publish","format-standard","has-post-thumbnail","hentry","category-provincia","category-sociedad-y-cultura-2"],"_links":{"self":[{"href":"https:\/\/vocesdebaires.com.ar\/index.php\/wp-json\/wp\/v2\/posts\/40224"}],"collection":[{"href":"https:\/\/vocesdebaires.com.ar\/index.php\/wp-json\/wp\/v2\/posts"}],"about":[{"href":"https:\/\/vocesdebaires.com.ar\/index.php\/wp-json\/wp\/v2\/types\/post"}],"author":[{"embeddable":true,"href":"https:\/\/vocesdebaires.com.ar\/index.php\/wp-json\/wp\/v2\/users\/3"}],"replies":[{"embeddable":true,"href":"https:\/\/vocesdebaires.com.ar\/index.php\/wp-json\/wp\/v2\/comments?post=40224"}],"version-history":[{"count":1,"href":"https:\/\/vocesdebaires.com.ar\/index.php\/wp-json\/wp\/v2\/posts\/40224\/revisions"}],"predecessor-version":[{"id":40226,"href":"https:\/\/vocesdebaires.com.ar\/index.php\/wp-json\/wp\/v2\/posts\/40224\/revisions\/40226"}],"wp:featuredmedia":[{"embeddable":true,"href":"https:\/\/vocesdebaires.com.ar\/index.php\/wp-json\/wp\/v2\/media\/40231"}],"wp:attachment":[{"href":"https:\/\/vocesdebaires.com.ar\/index.php\/wp-json\/wp\/v2\/media?parent=40224"}],"wp:term":[{"taxonomy":"category","embeddable":true,"href":"https:\/\/vocesdebaires.com.ar\/index.php\/wp-json\/wp\/v2\/categories?post=40224"},{"taxonomy":"post_tag","embeddable":true,"href":"https:\/\/vocesdebaires.com.ar\/index.php\/wp-json\/wp\/v2\/tags?post=40224"}],"curies":[{"name":"wp","href":"https:\/\/api.w.org\/{rel}","templated":true}]}}