{"id":40237,"date":"2022-09-06T11:24:49","date_gmt":"2022-09-06T14:24:49","guid":{"rendered":"https:\/\/vocesdebaires.com.ar\/?p=40237"},"modified":"2022-09-06T11:24:49","modified_gmt":"2022-09-06T14:24:49","slug":"en-la-ciudadnuevos-ciclos-de-capacitacion-docente-sobre-residuos","status":"publish","type":"post","link":"https:\/\/vocesdebaires.com.ar\/index.php\/2022\/09\/06\/en-la-ciudadnuevos-ciclos-de-capacitacion-docente-sobre-residuos\/","title":{"rendered":"En la ciudad:Nuevos ciclos de capacitaci\u00f3n docente sobre residuos"},"content":{"rendered":"<p>Desde Escuelas Verdes renovamos para la segunda parte del a\u00f1o la oferta de capacitaciones para brindar a docentes de escuelas de la Ciudad herramientas y propuestas de aprendizajes que enriquezcan el conocimiento sobre los materiales y objetos cotidianos que luego se convierten en residuos.Las diferentes propuestas tienen como objetivo abordar las posibles opciones para la reutilizaci\u00f3n de material de descarte y, de esta manera, seguir profundizando en la problem\u00e1tica de los residuos y generar conciencia sobre la separaci\u00f3n y recuperaci\u00f3n de los materiales. Todas las propuestas se llevar\u00e1n a cabo de manera presencial. Se realizar\u00e1n 4 ciclos destinados a docentes de diferentes niveles y modalidades: \u00abInstrumentos musicales\u00bb,<\/p>\n<p>\u00abConsumo responsable y Econom\u00eda Circular de los pl\u00e1sticos\u00bb, \u00abDar vuelta el tablero: el juego desde una perspectiva ambiental\u00bb y \u00abMurales ambientales\u00bb.Este ciclo se realiz\u00f3 en la primera parte del a\u00f1o, con tres encuentros durante los meses de junio y julio, en los cu\u00e1les participaron 27 docentes de Nivel Inicial y Modalidad Especial. La capacitaci\u00f3n plante\u00f3 la incorporaci\u00f3n de la m\u00fasica como herramienta cotidiana. En los encuentros se hizo una demostraci\u00f3n de sonidos, las variadas formas de utilizarlos y se present\u00f3 un paso a paso para crear diferentes instrumentos a partir de la reutilizaci\u00f3n de materiales de descarte. Uno de los conceptos clave tratados fue el de visibilizar la importancia de crear instrumentos duraderos y con buena confecci\u00f3n.<\/p>\n<p>Para esta segunda parte del a\u00f1o, se repetir\u00e1 el ciclo con tres encuentros, los d\u00edas martes 23 de agosto, 30 de agosto y 13 de septiembre en el horario de 13:00 a 16:00 h en la sede del Jard\u00edn de Infantes Nucleado B (EPC 17) ubicado en Gral. Eugenio Garz\u00f3n 3950, Parque Avellaneda. Acompa\u00f1an Luj\u00e1n Castro y Nadia Pu\u00e9rtolas, docentes y m\u00fasicas que integran la compa\u00f1\u00eda m\u00fasico teatral \u00abTriciclas\u00bb.<\/p>\n<p><strong>Cupos limitados:<\/strong><br \/>\nInscripcion:https:\/\/docs.google.com\/forms\/d\/e\/1FAIpQLSfD2wx5TkuaT9zCPROUt_I_5jm6AhcFCAKAYXbTlErdp-hgzA\/viewform<\/p>\n<p>En esta propuesta, invitamos a participar del ciclo de capacitaci\u00f3n a docentes de Nivel Inicial. El mismo estar\u00e1 desarrollado de manera articulada entre Lekotek, el Programa Escuelas Verdes y el Centro L\u00fadico de la Ciudad. La propuesta buscar\u00e1 reflexionar en torno al juego como actividad en s\u00ed, el cuidado del ambiente y pensar el juego desde una perspectiva ambiental.<br \/>\nSe realizar\u00e1n 3 encuentros presenciales: los d\u00edas viernes 2, 9 y 16 de septiembre de 10:00 a 12:00 h. En este caso, la propuesta incluye conocer el espacio de Lekotek en el Centro Metropolitano de Dise\u00f1o y el Centro L\u00fadico de la Ciudad.<\/p>\n<p><strong>Cupos limitados.<\/strong><br \/>\nhttps:\/\/docs.google.com\/forms\/d\/e\/1FAIpQLSeDGWr1WM6dmkTLjSdHkWzvaVp2vH-30C0AsIe56QC2vae36g\/viewform<\/p>\n","protected":false},"excerpt":{"rendered":"<p>Desde Escuelas Verdes renovamos para la segunda parte del a\u00f1o la oferta de capacitaciones para brindar a docentes de escuelas de la Ciudad herramientas y propuestas de aprendizajes que enriquezcan el conocimiento sobre los materiales y objetos cotidianos que luego se convierten en residuos.Las diferentes propuestas tienen como objetivo abordar las posibles opciones para la [&hellip;]<\/p>\n","protected":false},"author":2,"featured_media":40238,"comment_status":"open","ping_status":"open","sticky":false,"template":"","format":"standard","meta":{"_et_pb_use_builder":"","_et_pb_old_content":"","_et_gb_content_width":"","footnotes":""},"categories":[11,33],"tags":[],"class_list":["post-40237","post","type-post","status-publish","format-standard","has-post-thumbnail","hentry","category-ciudad","category-sociedad-y-cultura-2"],"_links":{"self":[{"href":"https:\/\/vocesdebaires.com.ar\/index.php\/wp-json\/wp\/v2\/posts\/40237"}],"collection":[{"href":"https:\/\/vocesdebaires.com.ar\/index.php\/wp-json\/wp\/v2\/posts"}],"about":[{"href":"https:\/\/vocesdebaires.com.ar\/index.php\/wp-json\/wp\/v2\/types\/post"}],"author":[{"embeddable":true,"href":"https:\/\/vocesdebaires.com.ar\/index.php\/wp-json\/wp\/v2\/users\/2"}],"replies":[{"embeddable":true,"href":"https:\/\/vocesdebaires.com.ar\/index.php\/wp-json\/wp\/v2\/comments?post=40237"}],"version-history":[{"count":1,"href":"https:\/\/vocesdebaires.com.ar\/index.php\/wp-json\/wp\/v2\/posts\/40237\/revisions"}],"predecessor-version":[{"id":40239,"href":"https:\/\/vocesdebaires.com.ar\/index.php\/wp-json\/wp\/v2\/posts\/40237\/revisions\/40239"}],"wp:featuredmedia":[{"embeddable":true,"href":"https:\/\/vocesdebaires.com.ar\/index.php\/wp-json\/wp\/v2\/media\/40238"}],"wp:attachment":[{"href":"https:\/\/vocesdebaires.com.ar\/index.php\/wp-json\/wp\/v2\/media?parent=40237"}],"wp:term":[{"taxonomy":"category","embeddable":true,"href":"https:\/\/vocesdebaires.com.ar\/index.php\/wp-json\/wp\/v2\/categories?post=40237"},{"taxonomy":"post_tag","embeddable":true,"href":"https:\/\/vocesdebaires.com.ar\/index.php\/wp-json\/wp\/v2\/tags?post=40237"}],"curies":[{"name":"wp","href":"https:\/\/api.w.org\/{rel}","templated":true}]}}