{"id":40240,"date":"2022-09-06T11:27:33","date_gmt":"2022-09-06T14:27:33","guid":{"rendered":"https:\/\/vocesdebaires.com.ar\/?p=40240"},"modified":"2022-09-06T11:27:33","modified_gmt":"2022-09-06T14:27:33","slug":"ciudad-larreta-recorrio-las-obras-del-centro-de-convenciones","status":"publish","type":"post","link":"https:\/\/vocesdebaires.com.ar\/index.php\/2022\/09\/06\/ciudad-larreta-recorrio-las-obras-del-centro-de-convenciones\/","title":{"rendered":"Ciudad: Larreta recorri\u00f3 las obras del Centro de Convenciones"},"content":{"rendered":"<p>\u00abVamos a seguir avanzando con obras que hagan de Buenos Aires una ciudad cada vez m\u00e1s sustentable, integrada y abierta al mundo\u00bb, dijo este lunes Horacio Rodr\u00edguez Larreta durante una recorrida por el Centro de Convenciones de la Ciudad, que ser\u00e1 sede de la pr\u00f3xima Cumbre Global de Alcaldes del C40. Acompa\u00f1ado por el titular del Ente de Turismo de Buenos Aires, Lucas Delfino, el Jefe de Gobierno porte\u00f1o visit\u00f3 las instalaciones del complejo ubicado en avenida Figueroa Alcorta 2099 para observar la marcha de las obras que se est\u00e1n desarrollando con vistas a la cumbre clim\u00e1tica.<\/p>\n<p>Rodr\u00edguez Larreta destac\u00f3 que todas las personas que visiten la Ciudad van a encontrar en el CEC \u00abun espacio sustentable, c\u00f3modo y moderno\u00bb para participar de los distintos congresos y conferencias que dar\u00e1n forma a este gran evento internacional. La cumbre del C40 se realizar\u00e1 entre el 19 y el 21 de octubre pr\u00f3ximos con la participaci\u00f3n de alcaldes de todo el mundo junto a intendentes de ciudades argentinas y diversos especialistas con el fin de discutir pol\u00edticas ambientales, econ\u00f3micas y sociales que contribuyan a preservar el futuro del planeta y a mitigar los efectos negativos del cambio clim\u00e1tico. Junto al Jefe de Gobierno tambi\u00e9n estuvieron Florencia Busilachi, jefa de Gabinete del Ente de Turismo, y Karina Perticone, Directora General del Visit BA.<\/p>\n<p><strong>Fotos:Juan Cruz Corrado \/ GCBA<\/strong><\/p>\n","protected":false},"excerpt":{"rendered":"<p>\u00abVamos a seguir avanzando con obras que hagan de Buenos Aires una ciudad cada vez m\u00e1s sustentable, integrada y abierta al mundo\u00bb, dijo este lunes Horacio Rodr\u00edguez Larreta durante una recorrida por el Centro de Convenciones de la Ciudad, que ser\u00e1 sede de la pr\u00f3xima Cumbre Global de Alcaldes del C40. Acompa\u00f1ado por el titular [&hellip;]<\/p>\n","protected":false},"author":2,"featured_media":40241,"comment_status":"open","ping_status":"open","sticky":false,"template":"","format":"standard","meta":{"_et_pb_use_builder":"","_et_pb_old_content":"","_et_gb_content_width":"","footnotes":""},"categories":[11,33],"tags":[],"class_list":["post-40240","post","type-post","status-publish","format-standard","has-post-thumbnail","hentry","category-ciudad","category-sociedad-y-cultura-2"],"_links":{"self":[{"href":"https:\/\/vocesdebaires.com.ar\/index.php\/wp-json\/wp\/v2\/posts\/40240"}],"collection":[{"href":"https:\/\/vocesdebaires.com.ar\/index.php\/wp-json\/wp\/v2\/posts"}],"about":[{"href":"https:\/\/vocesdebaires.com.ar\/index.php\/wp-json\/wp\/v2\/types\/post"}],"author":[{"embeddable":true,"href":"https:\/\/vocesdebaires.com.ar\/index.php\/wp-json\/wp\/v2\/users\/2"}],"replies":[{"embeddable":true,"href":"https:\/\/vocesdebaires.com.ar\/index.php\/wp-json\/wp\/v2\/comments?post=40240"}],"version-history":[{"count":1,"href":"https:\/\/vocesdebaires.com.ar\/index.php\/wp-json\/wp\/v2\/posts\/40240\/revisions"}],"predecessor-version":[{"id":40242,"href":"https:\/\/vocesdebaires.com.ar\/index.php\/wp-json\/wp\/v2\/posts\/40240\/revisions\/40242"}],"wp:featuredmedia":[{"embeddable":true,"href":"https:\/\/vocesdebaires.com.ar\/index.php\/wp-json\/wp\/v2\/media\/40241"}],"wp:attachment":[{"href":"https:\/\/vocesdebaires.com.ar\/index.php\/wp-json\/wp\/v2\/media?parent=40240"}],"wp:term":[{"taxonomy":"category","embeddable":true,"href":"https:\/\/vocesdebaires.com.ar\/index.php\/wp-json\/wp\/v2\/categories?post=40240"},{"taxonomy":"post_tag","embeddable":true,"href":"https:\/\/vocesdebaires.com.ar\/index.php\/wp-json\/wp\/v2\/tags?post=40240"}],"curies":[{"name":"wp","href":"https:\/\/api.w.org\/{rel}","templated":true}]}}