{"id":40243,"date":"2022-09-06T11:29:45","date_gmt":"2022-09-06T14:29:45","guid":{"rendered":"https:\/\/vocesdebaires.com.ar\/?p=40243"},"modified":"2022-09-06T11:30:07","modified_gmt":"2022-09-06T14:30:07","slug":"legislatura-portena-camerata-bariloche-de-interes-cultural-para-la-ciudad","status":"publish","type":"post","link":"https:\/\/vocesdebaires.com.ar\/index.php\/2022\/09\/06\/legislatura-portena-camerata-bariloche-de-interes-cultural-para-la-ciudad\/","title":{"rendered":"Legislatura : Camerata Bariloche, de Inter\u00e9s Cultural para la Ciudad"},"content":{"rendered":"<p>La Legislatura declar\u00f3 de Inter\u00e9s Cultural a la agrupaci\u00f3n Camerata Bariloche, e hizo entrega de los atributos en un acto que se llev\u00f3 a cabo ayer lunes por la tarde en el Sal\u00f3n Dorado.<br \/>\nEstuvieron presentes el vicepresidente 3\u00b0 y autor de la iniciativa, legislador porte\u00f1o Roy Cortina (PS); el ministro de Cultura de la CABA, Enrique Avogadro; los violinistas David Belisomi y \u2013tambi\u00e9n director musical- Freddy Varela Montero, y el violonchelista Andr\u00e9 Mouroux.<\/p>\n<p>Al inicio del acto, Cortina resalt\u00f3 que la agrupaci\u00f3n es la \u201cm\u00e1s reconocida, respetada y admirada\u201d de la Argentina. \u201cDurante estos 55 a\u00f1os de trayectoria han logrado estremecer con sus virtuosas interpretaciones a las salas m\u00e1s representativas del mundo\u201d, agreg\u00f3 el diputado. Y enumer\u00f3 a los grandes artistas que tocaron junto a la Camerata como Martha Argerich, Astor Piazzolla, Gerardo Gandini, Eduardo Fal\u00fa o Jaime Torres, entre otros. Luego, Avogadro subray\u00f3 que es una alegr\u00eda ser parte de este \u201cmerecido reconocimiento\u201d. \u201cNo cualquier conjunto cultural art\u00edstico en Argentina -agreg\u00f3-tiene la trayectoria que tiene la Camerata.<\/p>\n<p>No es f\u00e1cil sostenerse en el tiempo en un pa\u00eds tan cambiante\u201d. Y remarc\u00f3 que, por su excelencia art\u00edstica, el grupo \u201cejerce un rol central en materia de inspiraci\u00f3n\u201d. En tanto, Belisomi recalc\u00f3 que \u201cdejaron todo\u201d por la agrupaci\u00f3n y que \u00e9sta distinci\u00f3n les da mucha fuerza para seguir adelante. Por su parte, Varela Montero dijo que \u201chay un esp\u00edritu amateur en la Camerata, en el buen sentido de la palabra\u201d, en relaci\u00f3n al amor por lo que hacen y el sacrificio; y abog\u00f3 por m\u00e1s apoyo de las empresas hacia el grupo. Finalmente Mouroux agradeci\u00f3 \u201ca los autores de esta maravillosa iniciativa\u201d y mencion\u00f3 varios de los ideales que enarbolan desde el grupo, como la \u201cpasi\u00f3n, esp\u00edritu de pertenencia y de grupo, solidaridad, respeto a los estatutos de la instituci\u00f3n, disenso constructivo y sacrificio\u201d.<\/p>\n<p>Camerata Bariloche naci\u00f3 en aquella ciudad patag\u00f3nica y es el primer conjunto argentino de m\u00fasica de c\u00e1mara en haber alcanzado el prestigio internacional. Actualmente, todos sus integrantes son solistas de las tres orquestas m\u00e1s importantes de la Argentina tales como la Orquesta Sinf\u00f3nica Nacional, la Orquesta Filarm\u00f3nica de Buenos Aires y la Orquesta estable del Teatro Col\u00f3n de Buenos Aires. En sus 55 a\u00f1os de trayectoria, consolid\u00f3 a la Ciudad de Buenos Aires como la meca nacional del teatro y de eventos culturales de alto nivel. A su vez, efectuaron m\u00e1s de veinticinco giras internacionales por treinta y tres pa\u00edses de todo el mundo.<\/p>\n","protected":false},"excerpt":{"rendered":"<p>La Legislatura declar\u00f3 de Inter\u00e9s Cultural a la agrupaci\u00f3n Camerata Bariloche, e hizo entrega de los atributos en un acto que se llev\u00f3 a cabo ayer lunes por la tarde en el Sal\u00f3n Dorado. Estuvieron presentes el vicepresidente 3\u00b0 y autor de la iniciativa, legislador porte\u00f1o Roy Cortina (PS); el ministro de Cultura de la [&hellip;]<\/p>\n","protected":false},"author":2,"featured_media":40244,"comment_status":"open","ping_status":"open","sticky":false,"template":"","format":"standard","meta":{"_et_pb_use_builder":"","_et_pb_old_content":"","_et_gb_content_width":"","footnotes":""},"categories":[11,33],"tags":[],"class_list":["post-40243","post","type-post","status-publish","format-standard","has-post-thumbnail","hentry","category-ciudad","category-sociedad-y-cultura-2"],"_links":{"self":[{"href":"https:\/\/vocesdebaires.com.ar\/index.php\/wp-json\/wp\/v2\/posts\/40243"}],"collection":[{"href":"https:\/\/vocesdebaires.com.ar\/index.php\/wp-json\/wp\/v2\/posts"}],"about":[{"href":"https:\/\/vocesdebaires.com.ar\/index.php\/wp-json\/wp\/v2\/types\/post"}],"author":[{"embeddable":true,"href":"https:\/\/vocesdebaires.com.ar\/index.php\/wp-json\/wp\/v2\/users\/2"}],"replies":[{"embeddable":true,"href":"https:\/\/vocesdebaires.com.ar\/index.php\/wp-json\/wp\/v2\/comments?post=40243"}],"version-history":[{"count":2,"href":"https:\/\/vocesdebaires.com.ar\/index.php\/wp-json\/wp\/v2\/posts\/40243\/revisions"}],"predecessor-version":[{"id":40246,"href":"https:\/\/vocesdebaires.com.ar\/index.php\/wp-json\/wp\/v2\/posts\/40243\/revisions\/40246"}],"wp:featuredmedia":[{"embeddable":true,"href":"https:\/\/vocesdebaires.com.ar\/index.php\/wp-json\/wp\/v2\/media\/40244"}],"wp:attachment":[{"href":"https:\/\/vocesdebaires.com.ar\/index.php\/wp-json\/wp\/v2\/media?parent=40243"}],"wp:term":[{"taxonomy":"category","embeddable":true,"href":"https:\/\/vocesdebaires.com.ar\/index.php\/wp-json\/wp\/v2\/categories?post=40243"},{"taxonomy":"post_tag","embeddable":true,"href":"https:\/\/vocesdebaires.com.ar\/index.php\/wp-json\/wp\/v2\/tags?post=40243"}],"curies":[{"name":"wp","href":"https:\/\/api.w.org\/{rel}","templated":true}]}}