{"id":40254,"date":"2022-09-07T00:56:47","date_gmt":"2022-09-07T03:56:47","guid":{"rendered":"https:\/\/vocesdebaires.com.ar\/?p=40254"},"modified":"2022-09-07T00:56:47","modified_gmt":"2022-09-07T03:56:47","slug":"la-coalicion-civica-de-caba-le-pide-el-juicio-politico-al-juez-gallardo","status":"publish","type":"post","link":"https:\/\/vocesdebaires.com.ar\/index.php\/2022\/09\/07\/la-coalicion-civica-de-caba-le-pide-el-juicio-politico-al-juez-gallardo\/","title":{"rendered":"La Coalici\u00f3n C\u00edvica de CABA le pide el juicio pol\u00edtico al Juez Gallardo"},"content":{"rendered":"<p>El bloque de legisladores porte\u00f1os de la Coalici\u00f3n C\u00edvica present\u00f3 un pedido de juicio pol\u00edtico al juez Roberto Gallardo. Lo denuncian por mal desempe\u00f1o. El 29 de Agosto de este a\u00f1o el Juez Juez Roberto Andr\u00e9s Gallardo, Juez de Primera Instancia en lo Contencioso Administrativo y Tributario N\u00ba 2, Secretar\u00eda N\u00ba 4, solicit\u00f3 el levantamiento de las vallas colocadas sobre la calle Juncal, ordenando al Jefe de Gobierno que retire la custodia de la vicepte y estableciendo que las fuerzas federales ser\u00e1n los encargados de la custodia.<\/p>\n<p>Estos actos \u201cdemuestran desconocimiento inexcusable del derecho y mal desempe\u00f1o en sus funciones\u201d explicaron los diputados \u201cavasallando la autonom\u00eda de la Ciudad de Buenos Aires\u201d, por ello es que los legisladores de la Coalici\u00f3n C\u00edvica lo denunciaron por mal desempe\u00f1o.\u201cLa figura del mal desempe\u00f1o adquiere su real dimensi\u00f3n cuando la conducta del juez cuestionado resulta violatoria de uno de los deberes fundamentales de la magistratura, que es el de su imparcialidad\u201d, expresaron. Y a\u00f1adieron: \u201cEl deber de imparcialidad del juez es un imperativo \u00e9tico y legal. Al respecto, el estatuto universal del Juez se\u00f1ala que \u00abEl juez debe ser y parecer imparcial e independiente en la tramitaci\u00f3n y resoluci\u00f3n de las causas\u2026\u00bb. Resulta evidente que el magistrado cuyo juicio pol\u00edtico aqu\u00ed solicitamos, se apart\u00f3 de tal mandato\u201d.<\/p>\n<p>La Legisladora Cecilia Ferrero sostuvo que: \u201cEl Juez Roberto Gallardo direccion\u00f3 y manipul\u00f3 la aplicaci\u00f3n del derecho a los hechos que motivaron su intervenci\u00f3n y ello configura suficiente causal de mal desempe\u00f1o para para instar el procedimiento y remoci\u00f3n de su cargo\u201d.\u00a0 Legislador Hern\u00e1n Reyes agreg\u00f3: \u201cGallardo actu\u00f3 fuera del derecho, a favor de un partido pol\u00edtico y en contra de los vecinos y la autonom\u00eda de la ciudad.\u201d El legislador porte\u00f1o Facundo del Gaiso, Presidente del Bloque de Legisladores porte\u00f1os manifest\u00f3: \u201cGallardo dej\u00f3 en estado de indefensi\u00f3n a los vecinos de la ciudad, sin seguridad. Lamentable su accionar en pos de un grupo pol\u00edtico. Eso demuestra que el juez Gallardo es un juez partidario\u201d, finaliz\u00f3.<\/p>\n","protected":false},"excerpt":{"rendered":"<p>El bloque de legisladores porte\u00f1os de la Coalici\u00f3n C\u00edvica present\u00f3 un pedido de juicio pol\u00edtico al juez Roberto Gallardo. Lo denuncian por mal desempe\u00f1o. El 29 de Agosto de este a\u00f1o el Juez Juez Roberto Andr\u00e9s Gallardo, Juez de Primera Instancia en lo Contencioso Administrativo y Tributario N\u00ba 2, Secretar\u00eda N\u00ba 4, solicit\u00f3 el levantamiento [&hellip;]<\/p>\n","protected":false},"author":2,"featured_media":39786,"comment_status":"open","ping_status":"open","sticky":false,"template":"","format":"standard","meta":{"_et_pb_use_builder":"","_et_pb_old_content":"","_et_gb_content_width":"","footnotes":""},"categories":[11,33],"tags":[],"class_list":["post-40254","post","type-post","status-publish","format-standard","has-post-thumbnail","hentry","category-ciudad","category-sociedad-y-cultura-2"],"_links":{"self":[{"href":"https:\/\/vocesdebaires.com.ar\/index.php\/wp-json\/wp\/v2\/posts\/40254"}],"collection":[{"href":"https:\/\/vocesdebaires.com.ar\/index.php\/wp-json\/wp\/v2\/posts"}],"about":[{"href":"https:\/\/vocesdebaires.com.ar\/index.php\/wp-json\/wp\/v2\/types\/post"}],"author":[{"embeddable":true,"href":"https:\/\/vocesdebaires.com.ar\/index.php\/wp-json\/wp\/v2\/users\/2"}],"replies":[{"embeddable":true,"href":"https:\/\/vocesdebaires.com.ar\/index.php\/wp-json\/wp\/v2\/comments?post=40254"}],"version-history":[{"count":1,"href":"https:\/\/vocesdebaires.com.ar\/index.php\/wp-json\/wp\/v2\/posts\/40254\/revisions"}],"predecessor-version":[{"id":40255,"href":"https:\/\/vocesdebaires.com.ar\/index.php\/wp-json\/wp\/v2\/posts\/40254\/revisions\/40255"}],"wp:featuredmedia":[{"embeddable":true,"href":"https:\/\/vocesdebaires.com.ar\/index.php\/wp-json\/wp\/v2\/media\/39786"}],"wp:attachment":[{"href":"https:\/\/vocesdebaires.com.ar\/index.php\/wp-json\/wp\/v2\/media?parent=40254"}],"wp:term":[{"taxonomy":"category","embeddable":true,"href":"https:\/\/vocesdebaires.com.ar\/index.php\/wp-json\/wp\/v2\/categories?post=40254"},{"taxonomy":"post_tag","embeddable":true,"href":"https:\/\/vocesdebaires.com.ar\/index.php\/wp-json\/wp\/v2\/tags?post=40254"}],"curies":[{"name":"wp","href":"https:\/\/api.w.org\/{rel}","templated":true}]}}