{"id":40256,"date":"2022-09-07T00:59:04","date_gmt":"2022-09-07T03:59:04","guid":{"rendered":"https:\/\/vocesdebaires.com.ar\/?p=40256"},"modified":"2022-09-07T00:59:04","modified_gmt":"2022-09-07T03:59:04","slug":"declararon-a-ernesto-arriaga-como-personalidad-destacada-de-la-ciudad","status":"publish","type":"post","link":"https:\/\/vocesdebaires.com.ar\/index.php\/2022\/09\/07\/declararon-a-ernesto-arriaga-como-personalidad-destacada-de-la-ciudad\/","title":{"rendered":"Declararon a Ernesto Arriaga como Personalidad Destacada de la Ciudad"},"content":{"rendered":"<p>Ernesto Jorge Arriaga recibi\u00f3 ayer martes por la tarde en el Sal\u00f3n Dorado de la Legislatura los atributos como Personalidad Destacada de la Ciudad Aut\u00f3noma de Buenos Aires en el \u00e1mbito de la Cultura, seg\u00fan lo dispuesto por una norma aprobada en el Recinto que fuera propuesta por el legislador Mat\u00edas L\u00f3pez (VJ).\u201cErnesto forma parte de la vida de todos\u201d, anticip\u00f3 el propulsor de la distinci\u00f3n al mencionar la importancia de la labor de Arriaga en los hogares. \u201cSe ha esforzado por transmitir y profesionalizar esto que no surge s\u00f3lo de la tecnolog\u00eda, sino tambi\u00e9n es acompa\u00f1ado por las recomendaciones valiosas para mejorar la forma en que nos movemos\u201d, concluy\u00f3 Mat\u00edas L\u00f3pez. El legislador Diego Weck (UCR\/Ev) y las legisladoras porte\u00f1a Gimena Villafruela, Ana Mar\u00eda Bou P\u00e9rez y Mar\u00eda Luisa Gonz\u00e1lez Estevarena (VJ), como coautores del proyecto tambi\u00e9n asistieron al acto.<\/p>\n<p>El periodista cuenta con m\u00e1s de 45 a\u00f1os de trayectoria en distintos medios de comunicaci\u00f3n haciendo actualizaciones informativas de tr\u00e1nsito y seguridad vial.\u00a0 En la actualidad, ofrece informes en 20 medios, tanto en radio, en televisi\u00f3n, como as\u00ed tambi\u00e9n por las redes sociales. Y fund\u00f3 la Asociaci\u00f3n de Periodistas de Tr\u00e1nsito y Transporte de Argentina en 2009, para seguir perfeccion\u00e1ndose junto a colegas en el marco de la profesi\u00f3n. El homenajeado agradeci\u00f3 en repetidas ocasiones el reconocimiento recibido y valor\u00f3 el apoyo que recibi\u00f3 en su extensa carrera para poder comunicar las novedades del tr\u00e1nsito. Incluso, solicit\u00f3 al auditorio un minuto de silencio y un fuerte aplauso en memoria de la periodista Magdalena Ruiz Gui\u00f1az\u00fa y de los fallecidos en accidentes viales.<\/p>\n","protected":false},"excerpt":{"rendered":"<p>Ernesto Jorge Arriaga recibi\u00f3 ayer martes por la tarde en el Sal\u00f3n Dorado de la Legislatura los atributos como Personalidad Destacada de la Ciudad Aut\u00f3noma de Buenos Aires en el \u00e1mbito de la Cultura, seg\u00fan lo dispuesto por una norma aprobada en el Recinto que fuera propuesta por el legislador Mat\u00edas L\u00f3pez (VJ).\u201cErnesto forma parte [&hellip;]<\/p>\n","protected":false},"author":2,"featured_media":40257,"comment_status":"open","ping_status":"open","sticky":false,"template":"","format":"standard","meta":{"_et_pb_use_builder":"","_et_pb_old_content":"","_et_gb_content_width":"","footnotes":""},"categories":[11,33],"tags":[],"class_list":["post-40256","post","type-post","status-publish","format-standard","has-post-thumbnail","hentry","category-ciudad","category-sociedad-y-cultura-2"],"_links":{"self":[{"href":"https:\/\/vocesdebaires.com.ar\/index.php\/wp-json\/wp\/v2\/posts\/40256"}],"collection":[{"href":"https:\/\/vocesdebaires.com.ar\/index.php\/wp-json\/wp\/v2\/posts"}],"about":[{"href":"https:\/\/vocesdebaires.com.ar\/index.php\/wp-json\/wp\/v2\/types\/post"}],"author":[{"embeddable":true,"href":"https:\/\/vocesdebaires.com.ar\/index.php\/wp-json\/wp\/v2\/users\/2"}],"replies":[{"embeddable":true,"href":"https:\/\/vocesdebaires.com.ar\/index.php\/wp-json\/wp\/v2\/comments?post=40256"}],"version-history":[{"count":1,"href":"https:\/\/vocesdebaires.com.ar\/index.php\/wp-json\/wp\/v2\/posts\/40256\/revisions"}],"predecessor-version":[{"id":40258,"href":"https:\/\/vocesdebaires.com.ar\/index.php\/wp-json\/wp\/v2\/posts\/40256\/revisions\/40258"}],"wp:featuredmedia":[{"embeddable":true,"href":"https:\/\/vocesdebaires.com.ar\/index.php\/wp-json\/wp\/v2\/media\/40257"}],"wp:attachment":[{"href":"https:\/\/vocesdebaires.com.ar\/index.php\/wp-json\/wp\/v2\/media?parent=40256"}],"wp:term":[{"taxonomy":"category","embeddable":true,"href":"https:\/\/vocesdebaires.com.ar\/index.php\/wp-json\/wp\/v2\/categories?post=40256"},{"taxonomy":"post_tag","embeddable":true,"href":"https:\/\/vocesdebaires.com.ar\/index.php\/wp-json\/wp\/v2\/tags?post=40256"}],"curies":[{"name":"wp","href":"https:\/\/api.w.org\/{rel}","templated":true}]}}