{"id":40259,"date":"2022-09-07T01:03:35","date_gmt":"2022-09-07T04:03:35","guid":{"rendered":"https:\/\/vocesdebaires.com.ar\/?p=40259"},"modified":"2022-09-07T01:03:35","modified_gmt":"2022-09-07T04:03:35","slug":"legislatura-portena-oscar-muino-personalidad-destacada-de-la-cultura","status":"publish","type":"post","link":"https:\/\/vocesdebaires.com.ar\/index.php\/2022\/09\/07\/legislatura-portena-oscar-muino-personalidad-destacada-de-la-cultura\/","title":{"rendered":"Legislatura porte\u00f1a: Oscar Mui\u00f1o, Personalidad Destacada de la Cultura"},"content":{"rendered":"<p>La Legislatura de la Ciudad Aut\u00f3noma de Buenos Aires distingui\u00f3 al Dr. Oscar Mui\u00f1o como Personalidad Destacada en el \u00e1mbito de la Cultura. El acto se llev\u00f3 a cabo esta tarde en el Sal\u00f3n Dorado y cont\u00f3 con la presencia del legislador Marcelo Alejandro Guouman (UCR\/Ev), que presidi\u00f3 el evento; el legislador porte\u00f1o mandato cumplido y autor de la iniciativa, Ariel \u00c1lvarez Palma; el historiador y ensayista pol\u00edtico Daniel Larriqueta y el soci\u00f3logo Luis Quevedo, entre otros.<\/p>\n<p>\u201cEs un honor oficiar de anfitri\u00f3n\u201c, dijo el legislador porte\u00f1o Guouman en el inicio, y continu\u00f3: \u201clas palabras de Oscar me acompa\u00f1an personalmente desde mi adolescencia; \u00e9l forma parte de una generaci\u00f3n de periodistas, comunicadores, hombres de la cultura que tuvieron mucho impacto en la nuestra\u201d; y afirm\u00f3 que se trata de \u201cuno de los fundadores de nuestra democracia\u201d.<br \/>\nEn su intervenci\u00f3n, Mui\u00f1o agradeci\u00f3 a la Legislatura, familiares y amigos presentes, como tambi\u00e9n a las asociaciones que integra. \u201cSiempre hay un futuro si se lo construye desde lo colectivo\u201d, se\u00f1al\u00f3 el periodista. Adem\u00e1s, refiri\u00f3 a que \u00e9ste era un homenaje a la ciudad, de la cual se considera hijo.<\/p>\n<p>\u201cEsta ciudad altiva, que siempre estuvo presente en los momentos decisivos, de la vida c\u00edvica y de la creaci\u00f3n cultural. La historia argentina late en estas calles al compas de la Plaza de Mayo\u201d, resalt\u00f3. Luego, Quevedo hizo una menci\u00f3n a la periodista Magdalena Ruiz Gui\u00f1az\u00fa, que falleci\u00f3 este martes. Repas\u00f3 gran parte de la trayectoria del homenajeado y expres\u00f3 que Mui\u00f1o es un \u201cciudadano destacado en la democracia y un ciudadano desacatado en la dictadura\u201d.Por otra parte, Larriqueta analiz\u00f3 la obra del homenajeado y subray\u00f3 que dentro de este \u201chay un amor por los hombres y los seres humanos, que es el coraz\u00f3n de todo an\u00e1lisis pol\u00edtico\u201d.<\/p>\n<p>Por \u00faltimo, \u00c1lvarez Palma concluy\u00f3 que \u00e9l \u201cno disfrazaba\u201d su ideolog\u00eda y que \u201ces una persona que est\u00e1 m\u00e1s all\u00e1 de los partidos pol\u00edticos y que ha generado consensos en la ciudadan\u00eda\u201d. Oscar Mui\u00f1o es periodista, abogado, escritor y docente universitario. Naci\u00f3 en la Ciudad de Buenos Aires, donde residi\u00f3 y trabaj\u00f3 desde 1952. Curs\u00f3 estudios de grado en la Universidad de Buenos Aires, y obtuvo el t\u00edtulo de abogado en 1976. Durante el gobierno del Dr. Ra\u00fal Alfons\u00edn se desempe\u00f1\u00f3 en distintos cargos: Director General de Programaci\u00f3n del Ministerio de Salud y Acci\u00f3n Social de la Naci\u00f3n, Director General de Coordinaci\u00f3n Oficial de la Secretar\u00eda de Informaci\u00f3n P\u00fablica de la Presidencia y jefe de la Delegaci\u00f3n oficial argentina a la Segunda Conferencia de Ministros de Informaci\u00f3n del Movimiento de Pa\u00edses No Alineados.<\/p>\n<p>En su extensa trayectoria period\u00edstica fue cofundador del diario \u00abTiempo Argentino\u00bb, redactor de pol\u00edtica en las revistas \u00abSiete D\u00edas\u00bb y \u00abPanorama\u00bb e incluso escribi\u00f3 sobre temas universitarios, educacionales y sindicales. Particip\u00f3 en convocatorias a pol\u00edticos justicialistas, radicales y de otras fuerzas desde los comienzos de la dictadura c\u00edvico-militar, lo que mereci\u00f3 fuertes cr\u00edticas de medios prodictatoriales. De hecho, asisti\u00f3 a la recordada conferencia de prensa que Jorge Rafael Videla ofreciera en 1979, y que fuera recogida por el ciclo de TV \u201cLo Pasado Pensado\u201d, elaborado y conducido por el historiador Felipe Pigna en el programa que lleva por t\u00edtulo \u201cLa Conferencia de Prensa de Videla\u201d. All\u00ed, Oscar Mui\u00f1o junto con Jos\u00e9 Ignacio L\u00f3pez son valorados como \u201cdos valientes periodistas\u201d que pusieron en aprietos al dictador.<\/p>\n","protected":false},"excerpt":{"rendered":"<p>La Legislatura de la Ciudad Aut\u00f3noma de Buenos Aires distingui\u00f3 al Dr. Oscar Mui\u00f1o como Personalidad Destacada en el \u00e1mbito de la Cultura. El acto se llev\u00f3 a cabo esta tarde en el Sal\u00f3n Dorado y cont\u00f3 con la presencia del legislador Marcelo Alejandro Guouman (UCR\/Ev), que presidi\u00f3 el evento; el legislador porte\u00f1o mandato cumplido [&hellip;]<\/p>\n","protected":false},"author":2,"featured_media":40260,"comment_status":"open","ping_status":"open","sticky":false,"template":"","format":"standard","meta":{"_et_pb_use_builder":"","_et_pb_old_content":"","_et_gb_content_width":"","footnotes":""},"categories":[11,33],"tags":[],"class_list":["post-40259","post","type-post","status-publish","format-standard","has-post-thumbnail","hentry","category-ciudad","category-sociedad-y-cultura-2"],"_links":{"self":[{"href":"https:\/\/vocesdebaires.com.ar\/index.php\/wp-json\/wp\/v2\/posts\/40259"}],"collection":[{"href":"https:\/\/vocesdebaires.com.ar\/index.php\/wp-json\/wp\/v2\/posts"}],"about":[{"href":"https:\/\/vocesdebaires.com.ar\/index.php\/wp-json\/wp\/v2\/types\/post"}],"author":[{"embeddable":true,"href":"https:\/\/vocesdebaires.com.ar\/index.php\/wp-json\/wp\/v2\/users\/2"}],"replies":[{"embeddable":true,"href":"https:\/\/vocesdebaires.com.ar\/index.php\/wp-json\/wp\/v2\/comments?post=40259"}],"version-history":[{"count":1,"href":"https:\/\/vocesdebaires.com.ar\/index.php\/wp-json\/wp\/v2\/posts\/40259\/revisions"}],"predecessor-version":[{"id":40261,"href":"https:\/\/vocesdebaires.com.ar\/index.php\/wp-json\/wp\/v2\/posts\/40259\/revisions\/40261"}],"wp:featuredmedia":[{"embeddable":true,"href":"https:\/\/vocesdebaires.com.ar\/index.php\/wp-json\/wp\/v2\/media\/40260"}],"wp:attachment":[{"href":"https:\/\/vocesdebaires.com.ar\/index.php\/wp-json\/wp\/v2\/media?parent=40259"}],"wp:term":[{"taxonomy":"category","embeddable":true,"href":"https:\/\/vocesdebaires.com.ar\/index.php\/wp-json\/wp\/v2\/categories?post=40259"},{"taxonomy":"post_tag","embeddable":true,"href":"https:\/\/vocesdebaires.com.ar\/index.php\/wp-json\/wp\/v2\/tags?post=40259"}],"curies":[{"name":"wp","href":"https:\/\/api.w.org\/{rel}","templated":true}]}}