{"id":40276,"date":"2022-09-08T00:36:06","date_gmt":"2022-09-08T03:36:06","guid":{"rendered":"https:\/\/vocesdebaires.com.ar\/?p=40276"},"modified":"2022-09-08T00:36:06","modified_gmt":"2022-09-08T03:36:06","slug":"larreta-hotton-y-santilli-en-la-celebracion-por-los-40-anos-de-aciera","status":"publish","type":"post","link":"https:\/\/vocesdebaires.com.ar\/index.php\/2022\/09\/08\/larreta-hotton-y-santilli-en-la-celebracion-por-los-40-anos-de-aciera\/","title":{"rendered":"Larreta, Hotton y Santilli: En la celebraci\u00f3n por los 40 a\u00f1os de ACIERA"},"content":{"rendered":"<p>El jefe de gobierno porte\u00f1o, Horacio Rodr\u00edguez Larreta, junto al diputado nacional Diego Santilli, y la presidenta nacional de +Valores, Cynthia Hotton, particip\u00f3 el pasado martes de la celebraci\u00f3n por los 40 a\u00f1os de ACIERA, la Asociaci\u00f3n Cristiana de Iglesias Evang\u00e9licas de la Rep\u00fablica Argentina, en el CCK. \u201cQuiero destacar el mensaje constante de unidad que siempre escuchamos de Aciera y de toda la Iglesia Evang\u00e9lica, estoy convencido de que es lo que Argentina necesita. Unidad, di\u00e1logo, consenso, siempre me van a tener del lado de ustedes para bregar por esos valores\u201d, destac\u00f3 el jefe de gobierno porte\u00f1o, Horacio Rodr\u00edguez Larreta.\u00a0 Y agreg\u00f3: \u201cQuiero agradecer por la enorme tarea social, educativa que realiza Aciera y las iglesias evang\u00e9licas en la Ciudad de Buenos Aires.<\/p>\n<p>Trabajamos en equipo desde hace muchos a\u00f1os, complement\u00e1ndonos, siempre con un compromiso enorme, ayudando a quienes m\u00e1s lo necesitan. En esto, quiero hacer una menci\u00f3n especial a la ayuda enorme que nos dieron durante la pandemia, muchas iglesias se transformaron en vacunatorios y lugares de testeo, visit\u00e9 y recorr\u00ed la mayor\u00eda de ellos. Siempre una ayuda solidaria y un coraz\u00f3n abierto, juntos pudimos llevar adelante esta situaci\u00f3n muy dif\u00edcil que enfrentamos todos. Gracias siempre por ese mensaje de esperanza, por la defensa de la familia, la defensa de la vida, es un mensaje muy positivo y muy necesario para nuestro pa\u00eds en estos momentos que estamos viviendo\u201d.<\/p>\n<p>Por su parte, la ex diputada nacional, Cynthia Hotton, destac\u00f3: \u201cEs un orgullo formar parte de la comunidad evang\u00e9lica, porque representa valores fundamentales para Argentina. En este tiempo tan sensible de crisis, quiero destacar el rol de contenci\u00f3n, asistencia espiritual y social que desarrollan las Iglesias evang\u00e9licas de todo el pa\u00eds, siempre muy activa, siempre ayudando al pr\u00f3jimo. Los felicito por estos primeros 40\u00b0 Aniversarios\u201d. Y Agreg\u00f3: \u201cCon Horacio y Diego tenemos el deber de promover los valores de la familia, del di\u00e1logo y del encuentro entre los argentinos, es por eso que celebramos esta jornada de unidad\u201d.<\/p>\n<p>Por su parte, el diputado nacional, Diego Santilli, asegur\u00f3: \u00abEstamos consolidando con Cynthia un espacio de representaci\u00f3n muy importante en la Provincia. Tenemos la oportunidad hist\u00f3rica de construir una alternativa superadora a este gobierno que ha destruido los valores del esfuerzo, del m\u00e9rito, del trabajo y el progreso\u00bb. El evento cont\u00f3 con la presencia de pastores de todas las provincias, una obra musical con figuras de renombre del \u00e1mbito art\u00edstico y el Coro Polif\u00f3nico Nacional Evang\u00e9lico, adem\u00e1s de un recorrido audiovisual de estos 40 a\u00f1os.<\/p>\n","protected":false},"excerpt":{"rendered":"<p>El jefe de gobierno porte\u00f1o, Horacio Rodr\u00edguez Larreta, junto al diputado nacional Diego Santilli, y la presidenta nacional de +Valores, Cynthia Hotton, particip\u00f3 el pasado martes de la celebraci\u00f3n por los 40 a\u00f1os de ACIERA, la Asociaci\u00f3n Cristiana de Iglesias Evang\u00e9licas de la Rep\u00fablica Argentina, en el CCK. \u201cQuiero destacar el mensaje constante de unidad [&hellip;]<\/p>\n","protected":false},"author":2,"featured_media":40277,"comment_status":"open","ping_status":"open","sticky":false,"template":"","format":"standard","meta":{"_et_pb_use_builder":"","_et_pb_old_content":"","_et_gb_content_width":"","footnotes":""},"categories":[11,33],"tags":[],"class_list":["post-40276","post","type-post","status-publish","format-standard","has-post-thumbnail","hentry","category-ciudad","category-sociedad-y-cultura-2"],"_links":{"self":[{"href":"https:\/\/vocesdebaires.com.ar\/index.php\/wp-json\/wp\/v2\/posts\/40276"}],"collection":[{"href":"https:\/\/vocesdebaires.com.ar\/index.php\/wp-json\/wp\/v2\/posts"}],"about":[{"href":"https:\/\/vocesdebaires.com.ar\/index.php\/wp-json\/wp\/v2\/types\/post"}],"author":[{"embeddable":true,"href":"https:\/\/vocesdebaires.com.ar\/index.php\/wp-json\/wp\/v2\/users\/2"}],"replies":[{"embeddable":true,"href":"https:\/\/vocesdebaires.com.ar\/index.php\/wp-json\/wp\/v2\/comments?post=40276"}],"version-history":[{"count":1,"href":"https:\/\/vocesdebaires.com.ar\/index.php\/wp-json\/wp\/v2\/posts\/40276\/revisions"}],"predecessor-version":[{"id":40278,"href":"https:\/\/vocesdebaires.com.ar\/index.php\/wp-json\/wp\/v2\/posts\/40276\/revisions\/40278"}],"wp:featuredmedia":[{"embeddable":true,"href":"https:\/\/vocesdebaires.com.ar\/index.php\/wp-json\/wp\/v2\/media\/40277"}],"wp:attachment":[{"href":"https:\/\/vocesdebaires.com.ar\/index.php\/wp-json\/wp\/v2\/media?parent=40276"}],"wp:term":[{"taxonomy":"category","embeddable":true,"href":"https:\/\/vocesdebaires.com.ar\/index.php\/wp-json\/wp\/v2\/categories?post=40276"},{"taxonomy":"post_tag","embeddable":true,"href":"https:\/\/vocesdebaires.com.ar\/index.php\/wp-json\/wp\/v2\/tags?post=40276"}],"curies":[{"name":"wp","href":"https:\/\/api.w.org\/{rel}","templated":true}]}}