{"id":40279,"date":"2022-09-08T00:39:22","date_gmt":"2022-09-08T03:39:22","guid":{"rendered":"https:\/\/vocesdebaires.com.ar\/?p=40279"},"modified":"2022-09-08T00:39:22","modified_gmt":"2022-09-08T03:39:22","slug":"legislaturatrataran-la-proteccion-de-barrios-en-la-comuna-13","status":"publish","type":"post","link":"https:\/\/vocesdebaires.com.ar\/index.php\/2022\/09\/08\/legislaturatrataran-la-proteccion-de-barrios-en-la-comuna-13\/","title":{"rendered":"Legislatura:Tratar\u00e1n la protecci\u00f3n de barrios en la Comuna 13"},"content":{"rendered":"<p>La Legislatura de la Ciudad de Buenos Aires tratar\u00e1 hoy jueves un proyecto de ley para dar protecci\u00f3n paisaj\u00edstica, urban\u00edstica y arquitect\u00f3nica a los barrios Lomas de N\u00fa\u00f1ez y Nuevo Belgrano (Comuna 13). El tema tuvo aprobaci\u00f3n inicial y luego fue debatido en Audiencia P\u00fablica.La nueva legislaci\u00f3n fue propuesta por vecinos de ambos barrios y qued\u00f3 formalizada en un proyecto de la legisladora Manuela Thourte (UCR\/Ev) y otros legisladores de su bancada. Luego el tema se analiz\u00f3 en la Comisi\u00f3n de Planeamiento Urbano, que preside legislador Daniel Del Sol (VJ).<br \/>\nSe trata de modificar disposiciones del C\u00f3digo Urban\u00edstico para preservar la identidad barrial desde lo paisaj\u00edstico, patrimonial y arquitect\u00f3nico.<\/p>\n<p>Otro asunto a considerar en la sesi\u00f3n ordinaria de ma\u00f1ana, en primera lectura, es una iniciativa del vicepresidente de la Legislatura,legislador Emmanuel Ferrario (VJ), para disponer \u00abel emplazamiento del monumento \u00abMemorial para las v\u00edctimas en la pandemia de Covid-19\u00bb, siendo \u00e9ste el proyecto ganador de un concurso nacional. La obra conmemorativa ser\u00eda levantada en la plaza \u00abFlorentino Ameghino\u00bb, lindante con la Av. Caseros. Si se aprueba en primera instancia, este proyecto deber\u00e1 ser tratado en Audiencia P\u00fablica antes de su \u00absegunda lectura\u00bb para la votaci\u00f3n definitiva.<\/p>\n<p>Por otra parte, se votar\u00e1 un proyecto destinado a aliviar la presi\u00f3n impositiva sobre quienes utilicen el sistema de \u00ableasing\u00bb para adquirir bienes de capital o ampliar sus instalaciones (alquiler de bienes muebles o inmuebles con opci\u00f3n de compra). La medida fiscal que se analizar\u00e1 busca impedir la doble imposici\u00f3n de los grav\u00e1menes de sellos, ya que actualmente paga ese tributo el poseedor del bien, quien traslada el costo a quien alquila con opci\u00f3n a compra y, a la vez, se vuelve a imponer al realizarse el contrato de leasing. Se propone la exenci\u00f3n de esta segunda imposici\u00f3n.<\/p>\n","protected":false},"excerpt":{"rendered":"<p>La Legislatura de la Ciudad de Buenos Aires tratar\u00e1 hoy jueves un proyecto de ley para dar protecci\u00f3n paisaj\u00edstica, urban\u00edstica y arquitect\u00f3nica a los barrios Lomas de N\u00fa\u00f1ez y Nuevo Belgrano (Comuna 13). El tema tuvo aprobaci\u00f3n inicial y luego fue debatido en Audiencia P\u00fablica.La nueva legislaci\u00f3n fue propuesta por vecinos de ambos barrios y [&hellip;]<\/p>\n","protected":false},"author":2,"featured_media":40280,"comment_status":"open","ping_status":"open","sticky":false,"template":"","format":"standard","meta":{"_et_pb_use_builder":"","_et_pb_old_content":"","_et_gb_content_width":"","footnotes":""},"categories":[11,33],"tags":[],"class_list":["post-40279","post","type-post","status-publish","format-standard","has-post-thumbnail","hentry","category-ciudad","category-sociedad-y-cultura-2"],"_links":{"self":[{"href":"https:\/\/vocesdebaires.com.ar\/index.php\/wp-json\/wp\/v2\/posts\/40279"}],"collection":[{"href":"https:\/\/vocesdebaires.com.ar\/index.php\/wp-json\/wp\/v2\/posts"}],"about":[{"href":"https:\/\/vocesdebaires.com.ar\/index.php\/wp-json\/wp\/v2\/types\/post"}],"author":[{"embeddable":true,"href":"https:\/\/vocesdebaires.com.ar\/index.php\/wp-json\/wp\/v2\/users\/2"}],"replies":[{"embeddable":true,"href":"https:\/\/vocesdebaires.com.ar\/index.php\/wp-json\/wp\/v2\/comments?post=40279"}],"version-history":[{"count":1,"href":"https:\/\/vocesdebaires.com.ar\/index.php\/wp-json\/wp\/v2\/posts\/40279\/revisions"}],"predecessor-version":[{"id":40281,"href":"https:\/\/vocesdebaires.com.ar\/index.php\/wp-json\/wp\/v2\/posts\/40279\/revisions\/40281"}],"wp:featuredmedia":[{"embeddable":true,"href":"https:\/\/vocesdebaires.com.ar\/index.php\/wp-json\/wp\/v2\/media\/40280"}],"wp:attachment":[{"href":"https:\/\/vocesdebaires.com.ar\/index.php\/wp-json\/wp\/v2\/media?parent=40279"}],"wp:term":[{"taxonomy":"category","embeddable":true,"href":"https:\/\/vocesdebaires.com.ar\/index.php\/wp-json\/wp\/v2\/categories?post=40279"},{"taxonomy":"post_tag","embeddable":true,"href":"https:\/\/vocesdebaires.com.ar\/index.php\/wp-json\/wp\/v2\/tags?post=40279"}],"curies":[{"name":"wp","href":"https:\/\/api.w.org\/{rel}","templated":true}]}}