{"id":4030,"date":"2019-10-03T03:00:00","date_gmt":"2019-10-03T06:00:00","guid":{"rendered":"http:\/\/vocesdebaires.com.ar\/wordpress\/index.php\/2019\/10\/03\/vidal-participo-la-6ta-edicion-de-agrojornadas\/"},"modified":"2019-10-03T03:00:00","modified_gmt":"2019-10-03T06:00:00","slug":"vidal-participo-la-6ta-edicion-de-agrojornadas","status":"publish","type":"post","link":"https:\/\/vocesdebaires.com.ar\/index.php\/2019\/10\/03\/vidal-participo-la-6ta-edicion-de-agrojornadas\/","title":{"rendered":"Vidal particip\u00f3 la 6TA edici\u00f3n de Agrojornadas"},"content":{"rendered":"<p>La gobernadora de la Provincia de Buenos Aires, Mar\u00eda Eugenia Vidal, particip\u00f3\u00a0 ayer de la 6ta edici\u00f3n de Agrojornadas Pol\u00edticas de la Confederaci\u00f3n de Asociaciones Rurales de Buenos Aires y La Pampa (CARBAP), en CABA. \u201cEl campo es el motor productivo de la provincia.\u201d dijo la mandataria.\u201cEl sector agropecuario en la provincia de Buenos Aires no tiene techo, tiene todo el potencial y la oportunidad de crecer.\u201d continu\u00f3 Vidal. \u201cDespu\u00e9s de cuatro a\u00f1os puedo decirles que hemos expandido las hect\u00e1reas sembradas, duplicado la producci\u00f3n de cereales, recuperado stock ovino, aumentado el porcino y cumplido con la cuota Hilton.\u201d sostuvo la gobernadora.<\/p>\n<p>Acompa\u00f1ada por el ministro de Agroindustria de la Provincia, Leonardo Sarqu\u00eds, el ministro de Econom\u00eda, Dami\u00e1n Bonari; el presidente del Banco Provincia, Juan Curutchet; y el presidente de CARBAP, Mat\u00edas De Velazco, entre otras autoridades; la mandataria subray\u00f3: \u201cNos paramos hoy en un lugar mejor que cuando nos encontramos en 2015 pero eso no quiere decir que no quede mucho por hacer y que no tengamos cosas pendientes para trabajar en conjunto.\u201d<\/p>\n","protected":false},"excerpt":{"rendered":"<p>La gobernadora de la Provincia de Buenos Aires, Mar\u00eda Eugenia Vidal, particip\u00f3\u00a0 ayer de la 6ta edici\u00f3n de Agrojornadas Pol\u00edticas de la Confederaci\u00f3n de Asociaciones Rurales de Buenos Aires y La Pampa (CARBAP), en CABA. \u201cEl campo es el motor productivo de la provincia.\u201d dijo la mandataria.\u201cEl sector agropecuario en la provincia de Buenos Aires [&hellip;]<\/p>\n","protected":false},"author":1,"featured_media":4031,"comment_status":"open","ping_status":"open","sticky":false,"template":"","format":"standard","meta":{"_et_pb_use_builder":"","_et_pb_old_content":"","_et_gb_content_width":"","footnotes":""},"categories":[35,13],"tags":[],"class_list":["post-4030","post","type-post","status-publish","format-standard","has-post-thumbnail","hentry","category-gobierno","category-provincia"],"_links":{"self":[{"href":"https:\/\/vocesdebaires.com.ar\/index.php\/wp-json\/wp\/v2\/posts\/4030"}],"collection":[{"href":"https:\/\/vocesdebaires.com.ar\/index.php\/wp-json\/wp\/v2\/posts"}],"about":[{"href":"https:\/\/vocesdebaires.com.ar\/index.php\/wp-json\/wp\/v2\/types\/post"}],"author":[{"embeddable":true,"href":"https:\/\/vocesdebaires.com.ar\/index.php\/wp-json\/wp\/v2\/users\/1"}],"replies":[{"embeddable":true,"href":"https:\/\/vocesdebaires.com.ar\/index.php\/wp-json\/wp\/v2\/comments?post=4030"}],"version-history":[{"count":0,"href":"https:\/\/vocesdebaires.com.ar\/index.php\/wp-json\/wp\/v2\/posts\/4030\/revisions"}],"wp:featuredmedia":[{"embeddable":true,"href":"https:\/\/vocesdebaires.com.ar\/index.php\/wp-json\/wp\/v2\/media\/4031"}],"wp:attachment":[{"href":"https:\/\/vocesdebaires.com.ar\/index.php\/wp-json\/wp\/v2\/media?parent=4030"}],"wp:term":[{"taxonomy":"category","embeddable":true,"href":"https:\/\/vocesdebaires.com.ar\/index.php\/wp-json\/wp\/v2\/categories?post=4030"},{"taxonomy":"post_tag","embeddable":true,"href":"https:\/\/vocesdebaires.com.ar\/index.php\/wp-json\/wp\/v2\/tags?post=4030"}],"curies":[{"name":"wp","href":"https:\/\/api.w.org\/{rel}","templated":true}]}}