{"id":40303,"date":"2022-09-09T00:00:21","date_gmt":"2022-09-09T03:00:21","guid":{"rendered":"https:\/\/vocesdebaires.com.ar\/?p=40303"},"modified":"2022-09-08T20:25:58","modified_gmt":"2022-09-08T23:25:58","slug":"legislaturase-aprobo-una-declaracion-sobre-prestaciones-a-discapacitados","status":"publish","type":"post","link":"https:\/\/vocesdebaires.com.ar\/index.php\/2022\/09\/09\/legislaturase-aprobo-una-declaracion-sobre-prestaciones-a-discapacitados\/","title":{"rendered":"Legislatura:Se aprob\u00f3 una declaraci\u00f3n sobre prestaciones a discapacitados"},"content":{"rendered":"<p>Con el respaldo mayoritario de 41 votos y la oposici\u00f3n del bloque Frente de Todos, se aprob\u00f3 una declaraci\u00f3n propuesta sobre tablas por el legislador Gabriel Solano (FI), que expresa textualmente: \u201cLa Legislatura de la Ciudad de Buenos Aires repudia el recorte en prestaciones en discapacidad para obras sociales y exige al Gobierno Nacional y a la Superintendencia de Servicios de Salud que realice los giros necesarios para garantizar las prestaciones y el pago en fecha a mes vencido a los prestadores\u201d.<\/p>\n<p><strong>Pedido de informes<\/strong><br \/>\nA su vez, impulsado por la bancada FdT, tambi\u00e9n sobre tablas y a mano alzada, se dio curso a un pedido de informes al Poder Ejecutivo referido al accionar de la Polic\u00eda de la Ciudad en ocasi\u00f3n de los incidentes ocurridos en las calles adyacentes al domicilio de la vicepresidente de la Naci\u00f3n, Cristina Fern\u00e1ndez.<\/p>\n","protected":false},"excerpt":{"rendered":"<p>Con el respaldo mayoritario de 41 votos y la oposici\u00f3n del bloque Frente de Todos, se aprob\u00f3 una declaraci\u00f3n propuesta sobre tablas por el legislador Gabriel Solano (FI), que expresa textualmente: \u201cLa Legislatura de la Ciudad de Buenos Aires repudia el recorte en prestaciones en discapacidad para obras sociales y exige al Gobierno Nacional y [&hellip;]<\/p>\n","protected":false},"author":2,"featured_media":40304,"comment_status":"open","ping_status":"open","sticky":false,"template":"","format":"standard","meta":{"_et_pb_use_builder":"","_et_pb_old_content":"","_et_gb_content_width":"","footnotes":""},"categories":[11,33],"tags":[],"class_list":["post-40303","post","type-post","status-publish","format-standard","has-post-thumbnail","hentry","category-ciudad","category-sociedad-y-cultura-2"],"_links":{"self":[{"href":"https:\/\/vocesdebaires.com.ar\/index.php\/wp-json\/wp\/v2\/posts\/40303"}],"collection":[{"href":"https:\/\/vocesdebaires.com.ar\/index.php\/wp-json\/wp\/v2\/posts"}],"about":[{"href":"https:\/\/vocesdebaires.com.ar\/index.php\/wp-json\/wp\/v2\/types\/post"}],"author":[{"embeddable":true,"href":"https:\/\/vocesdebaires.com.ar\/index.php\/wp-json\/wp\/v2\/users\/2"}],"replies":[{"embeddable":true,"href":"https:\/\/vocesdebaires.com.ar\/index.php\/wp-json\/wp\/v2\/comments?post=40303"}],"version-history":[{"count":1,"href":"https:\/\/vocesdebaires.com.ar\/index.php\/wp-json\/wp\/v2\/posts\/40303\/revisions"}],"predecessor-version":[{"id":40305,"href":"https:\/\/vocesdebaires.com.ar\/index.php\/wp-json\/wp\/v2\/posts\/40303\/revisions\/40305"}],"wp:featuredmedia":[{"embeddable":true,"href":"https:\/\/vocesdebaires.com.ar\/index.php\/wp-json\/wp\/v2\/media\/40304"}],"wp:attachment":[{"href":"https:\/\/vocesdebaires.com.ar\/index.php\/wp-json\/wp\/v2\/media?parent=40303"}],"wp:term":[{"taxonomy":"category","embeddable":true,"href":"https:\/\/vocesdebaires.com.ar\/index.php\/wp-json\/wp\/v2\/categories?post=40303"},{"taxonomy":"post_tag","embeddable":true,"href":"https:\/\/vocesdebaires.com.ar\/index.php\/wp-json\/wp\/v2\/tags?post=40303"}],"curies":[{"name":"wp","href":"https:\/\/api.w.org\/{rel}","templated":true}]}}