{"id":40319,"date":"2022-09-12T00:00:32","date_gmt":"2022-09-12T03:00:32","guid":{"rendered":"https:\/\/vocesdebaires.com.ar\/?p=40319"},"modified":"2022-09-11T19:44:03","modified_gmt":"2022-09-11T22:44:03","slug":"en-la-ciudad-continuala-edicion-2022-de-tango-ba-festival-y-mundial","status":"publish","type":"post","link":"https:\/\/vocesdebaires.com.ar\/index.php\/2022\/09\/12\/en-la-ciudad-continuala-edicion-2022-de-tango-ba-festival-y-mundial\/","title":{"rendered":"En la ciudad Contin\u00faa:La edici\u00f3n 2022 de Tango BA Festival y Mundial"},"content":{"rendered":"<p>Vecinos y turistas pueden descubrir y disfrutar de todo el universo del 2&#215;4 en m\u00e1s de 30 sedes por toda la Ciudad, con m\u00e1s de 1.500 artistas de todo el pa\u00eds en escena. La gran final de Tango BA se llevar\u00e1 a cabo en la calle Diagonal Norte con el Obelisco de fondo, y se transmitir\u00e1 para todo el pa\u00eds desde www.buenosaires.gob.ar\/tangoba, donde tambi\u00e9n est\u00e1 disponible la programaci\u00f3n. Tango BA Festival y Mundial, con la direcci\u00f3n art\u00edstica de Natacha Poberaj, es un espacio para ver a los consagrados del g\u00e9nero, conocer a las nuevas generaciones y enterarse de lo que est\u00e1 pasando en la escena tanguera contempor\u00e1nea.<\/p>\n<p>Durante este a\u00f1o, se abrieron convocatorias a todo el pa\u00eds donde se postularon m\u00e1s de 300 propuestas art\u00edsticas. De ellas, surgi\u00f3 el 70% de la programaci\u00f3n de esta edici\u00f3n. La m\u00fasica, el baile y las novedades que presenta el festival son el reflejo del mundo del tango, que invita al disfrute de los seguidores fieles como de aquellos que se acercan por primera vez. Las entradas son gratuitas y est\u00e1n disponibles en www.buenosaires.gob.ar\/tangoba. Los espect\u00e1culos requieren de reserva previa. Las entradas se reservar\u00e1n 72 horas antes del evento, a partir de las 10 de la ma\u00f1ana.<\/p>\n<p>Adem\u00e1s, como cada a\u00f1o, se realiza el Tango BA Mundial de Baile, la competencia de baile m\u00e1s importante del g\u00e9nero a nivel global, donde aficionados y profesionales demuestran su talento en las categor\u00edas de Tango de Pista y Tango Escenario. Luego de las competencias preliminares en 24 ciudades de Argentina y el mundo, las parejas ganadoras recibieron pases directos a instancias avanzadas de la competencia.<\/p>\n<p>La final ser\u00e1 un imponente evento al aire libre donde adem\u00e1s de baile, los vecinos podr\u00e1n disfrutar de distintas expresiones art\u00edsticas de todo el pa\u00eds. Ser\u00e1 transmitida en vivo para que nadie se quede afuera de esta gran fiesta tanguera. El martes 13 de septiembre tendr\u00e1 lugar la Gala de las Preliminares en el Auditorio de la Usina del Arte. Se trata de una velada para honrar a las parejas que llegan desde diferentes lugares del pa\u00eds y del mundo a vivir la fiesta tanguera. Estos mismos bailarines estar\u00e1n presentes en las Milongas itinerantes del festival. Este a\u00f1o Tango BA llegar\u00e1 a toda la Ciudad con la Milonga del festival, que se muda cada noche a un lugar nuevo recorriendo en total 14 pistas porte\u00f1as.<\/p>\n<p>El viernes 16 a las 19 en el Auditorio de la Usina del Arte, se llevar\u00e1 a cabo Spinettango, un tributo tanguero al Flaco Spinetta. La agrupaci\u00f3n cordobesa Los Altiyeros, creada por Dami\u00e1n Torres Quinteto y el cantor Santiago Mu\u00f1iz para homenajear a Luis Alberto Spinetta, presentar\u00e1 en vivo su vinilo tributo al m\u00fasico en clave 2&#215;4. A diez a\u00f1os de su muerte, reunieron una selecci\u00f3n de su obra y la transformaron en tango. Un recorrido por las ra\u00edces musicales de Spinetta, su ADN tanguero y por Buenos Aires.<\/p>\n<p>Las Finales se llevar\u00e1n a cabo el 17 de septiembre al aire libre, en la calle Diagonal Norte con el Obelisco de fondo. Sobre el escenario se reunir\u00e1n artistas de todo el pa\u00eds para mostrar las expresiones de tango de las distintas regiones de la Argentina. Los finalistas del Mundial se medir\u00e1n sobre estas tablas para definir qui\u00e9nes ser\u00e1n los Campeones 2022 de Tango de Pista y Tango Escenario.<\/p>\n","protected":false},"excerpt":{"rendered":"<p>Vecinos y turistas pueden descubrir y disfrutar de todo el universo del 2&#215;4 en m\u00e1s de 30 sedes por toda la Ciudad, con m\u00e1s de 1.500 artistas de todo el pa\u00eds en escena. La gran final de Tango BA se llevar\u00e1 a cabo en la calle Diagonal Norte con el Obelisco de fondo, y se [&hellip;]<\/p>\n","protected":false},"author":3,"featured_media":40320,"comment_status":"open","ping_status":"open","sticky":false,"template":"","format":"standard","meta":{"_et_pb_use_builder":"","_et_pb_old_content":"","_et_gb_content_width":"","footnotes":""},"categories":[11,33],"tags":[],"class_list":["post-40319","post","type-post","status-publish","format-standard","has-post-thumbnail","hentry","category-ciudad","category-sociedad-y-cultura-2"],"_links":{"self":[{"href":"https:\/\/vocesdebaires.com.ar\/index.php\/wp-json\/wp\/v2\/posts\/40319"}],"collection":[{"href":"https:\/\/vocesdebaires.com.ar\/index.php\/wp-json\/wp\/v2\/posts"}],"about":[{"href":"https:\/\/vocesdebaires.com.ar\/index.php\/wp-json\/wp\/v2\/types\/post"}],"author":[{"embeddable":true,"href":"https:\/\/vocesdebaires.com.ar\/index.php\/wp-json\/wp\/v2\/users\/3"}],"replies":[{"embeddable":true,"href":"https:\/\/vocesdebaires.com.ar\/index.php\/wp-json\/wp\/v2\/comments?post=40319"}],"version-history":[{"count":1,"href":"https:\/\/vocesdebaires.com.ar\/index.php\/wp-json\/wp\/v2\/posts\/40319\/revisions"}],"predecessor-version":[{"id":40321,"href":"https:\/\/vocesdebaires.com.ar\/index.php\/wp-json\/wp\/v2\/posts\/40319\/revisions\/40321"}],"wp:featuredmedia":[{"embeddable":true,"href":"https:\/\/vocesdebaires.com.ar\/index.php\/wp-json\/wp\/v2\/media\/40320"}],"wp:attachment":[{"href":"https:\/\/vocesdebaires.com.ar\/index.php\/wp-json\/wp\/v2\/media?parent=40319"}],"wp:term":[{"taxonomy":"category","embeddable":true,"href":"https:\/\/vocesdebaires.com.ar\/index.php\/wp-json\/wp\/v2\/categories?post=40319"},{"taxonomy":"post_tag","embeddable":true,"href":"https:\/\/vocesdebaires.com.ar\/index.php\/wp-json\/wp\/v2\/tags?post=40319"}],"curies":[{"name":"wp","href":"https:\/\/api.w.org\/{rel}","templated":true}]}}