{"id":40325,"date":"2022-09-12T00:00:53","date_gmt":"2022-09-12T03:00:53","guid":{"rendered":"https:\/\/vocesdebaires.com.ar\/?p=40325"},"modified":"2022-09-11T19:55:56","modified_gmt":"2022-09-11T22:55:56","slug":"ciudadlicencias-de-conducir-el-examen-practico-ahora-se-hace-en-la-calle","status":"publish","type":"post","link":"https:\/\/vocesdebaires.com.ar\/index.php\/2022\/09\/12\/ciudadlicencias-de-conducir-el-examen-practico-ahora-se-hace-en-la-calle\/","title":{"rendered":"Ciudad:Licencias de conducir: el examen pr\u00e1ctico se hace en la calle"},"content":{"rendered":"<p>Con el objetivo de mejorar la seguridad y la convivencia vial, y asegurar un procedimiento \u00e1gil y cercano, la Ciudad implementa un nuevo examen para otorgar licencias de conducir para autom\u00f3viles categor\u00eda B1. Se lleva cabo de manera escalonada desde el 17 de agosto en la sede de la Comuna 12 hasta alcanzar las 10 sedes, en octubre, e incluye por primera vez un examen de conducci\u00f3n en la calle con veh\u00edculos doble comando para evaluar al vecino en un contexto real.<\/p>\n<p>Asimismo, el examen te\u00f3rico incluye un mayor n\u00famero de preguntas, pasando de 30 a 40. De esta manera, los nuevos conductores deben acreditar su aptitud psicof\u00edsica a trav\u00e9s de un examen de mayor profundidad. Una vez aprobadas todas las instancias, el vecino puede retirar la licencia el mismo d\u00eda. La implementaci\u00f3n del nuevo examen rige \u00fanicamente para los conductores que soliciten el otorgamiento de la Licencia categor\u00eda B1, personas que nunca tuvieron licencia para conducir autos o aquellas que no realizaron el tr\u00e1mite de renovaci\u00f3n por un per\u00edodo superior a un a\u00f1o.<\/p>\n<p>\u201cCada persona que sale con un auto a la calle tiene que estar bien preparada, con los conocimientos y las habilidades necesarias para enfrentarse a los imponderables y las situaciones del tr\u00e1nsito. Por eso, desde la Ciudad, en l\u00ednea con los principales pa\u00edses del mundo, implementamos un examen m\u00e1s exigente, que incluye una evaluaci\u00f3n te\u00f3rica m\u00e1s rigurosa y un pr\u00e1ctico en calle. Adem\u00e1s, para simplificar el tr\u00e1mite y seguir cuidando el tiempo de los vecinos, modificamos los per\u00edodos de validez seg\u00fan la edad de los conductores\u201d, dijo el Jefe de Gabinete porte\u00f1o, Felipe Miguel.<\/p>\n<p>Por otro lado, se extendieron los plazos de vigencia de la licencia categor\u00eda B1. Las personas de 16 a 39 a\u00f1os podr\u00e1n obtenerla por un per\u00edodo de hasta 10 a\u00f1os, que ser\u00e1 definido de acuerdo a los resultados obtenidos en cada una de las instancias de evaluaci\u00f3n. La nueva medida se enmarca dentro del Plan de Convivencia Vial bajo la premisa de que ninguna muerte ni herido grave en el tr\u00e1nsito es aceptable. El Gobierno porte\u00f1o lleva adelante una serie de pol\u00edticas p\u00fablicas con el fin de cumplir con el compromiso de reducir un 20% las v\u00edctimas fatales por siniestros viales para el 2023 y un 50% para el 2030.<\/p>\n<p>\u201cEstamos cambiando de paradigma en el proceso de habilitaci\u00f3n de conductores, pasamos de una prueba de manejo a una de conducci\u00f3n, es decir, incorporamos a la evaluaci\u00f3n pr\u00e1ctica de manejo las reacciones de la persona en un ambiente real y controlado\u201d, afirm\u00f3 Julia Domeniconi, secretaria de Atenci\u00f3n Ciudadana y Gesti\u00f3n Comunal. Y agreg\u00f3: \u201cCon todas las mejoras implementadas alcanzamos los est\u00e1ndares m\u00e1s altos a nivel internacional en la habilitaci\u00f3n de conductores, a la vez que generamos las mejores condiciones para la convivencia vial en la Ciudad\u201d.<\/p>\n<p>La Sede Comunal 12, la primera en implementar el nuevo protocolo, habilit\u00f3 el examen el 17 de agosto. Con posterioridad, se habilitar\u00e1n progresivamente durante septiembre y hasta la primera semana de octubre las sedes comunales 2, 3, 4, 5, 6, 10, 13, 14 y 15. Mientras dure el per\u00edodo de implementaci\u00f3n gradual los aspirantes no podr\u00e1n cambiar de modalidad de examen, en caso de tener que volver a rendir, se realizar\u00e1 bajo la misma modalidad.<\/p>\n<p>\u00abEn el marco de la ley de convivencia vial, el nuevo examen pr\u00e1ctico en calle pone a prueba a los aspirantes en un escenario muy similar al que van a enfrentarse cuando tengan su licencia. Esto lo hace m\u00e1s exigente y tambi\u00e9n m\u00e1s cercano a situaciones cotidianas. Trabajamos para formar mejores conductores en la calle, m\u00e1s responsables y con m\u00e1s herramientas\u00bb, explic\u00f3 Manuela L\u00f3pez Men\u00e9ndez, secretaria de Transporte y Obras P\u00fablicas.<\/p>\n","protected":false},"excerpt":{"rendered":"<p>Con el objetivo de mejorar la seguridad y la convivencia vial, y asegurar un procedimiento \u00e1gil y cercano, la Ciudad implementa un nuevo examen para otorgar licencias de conducir para autom\u00f3viles categor\u00eda B1. Se lleva cabo de manera escalonada desde el 17 de agosto en la sede de la Comuna 12 hasta alcanzar las 10 [&hellip;]<\/p>\n","protected":false},"author":3,"featured_media":40326,"comment_status":"open","ping_status":"open","sticky":false,"template":"","format":"standard","meta":{"_et_pb_use_builder":"","_et_pb_old_content":"","_et_gb_content_width":"","footnotes":""},"categories":[11,33],"tags":[],"class_list":["post-40325","post","type-post","status-publish","format-standard","has-post-thumbnail","hentry","category-ciudad","category-sociedad-y-cultura-2"],"_links":{"self":[{"href":"https:\/\/vocesdebaires.com.ar\/index.php\/wp-json\/wp\/v2\/posts\/40325"}],"collection":[{"href":"https:\/\/vocesdebaires.com.ar\/index.php\/wp-json\/wp\/v2\/posts"}],"about":[{"href":"https:\/\/vocesdebaires.com.ar\/index.php\/wp-json\/wp\/v2\/types\/post"}],"author":[{"embeddable":true,"href":"https:\/\/vocesdebaires.com.ar\/index.php\/wp-json\/wp\/v2\/users\/3"}],"replies":[{"embeddable":true,"href":"https:\/\/vocesdebaires.com.ar\/index.php\/wp-json\/wp\/v2\/comments?post=40325"}],"version-history":[{"count":2,"href":"https:\/\/vocesdebaires.com.ar\/index.php\/wp-json\/wp\/v2\/posts\/40325\/revisions"}],"predecessor-version":[{"id":40328,"href":"https:\/\/vocesdebaires.com.ar\/index.php\/wp-json\/wp\/v2\/posts\/40325\/revisions\/40328"}],"wp:featuredmedia":[{"embeddable":true,"href":"https:\/\/vocesdebaires.com.ar\/index.php\/wp-json\/wp\/v2\/media\/40326"}],"wp:attachment":[{"href":"https:\/\/vocesdebaires.com.ar\/index.php\/wp-json\/wp\/v2\/media?parent=40325"}],"wp:term":[{"taxonomy":"category","embeddable":true,"href":"https:\/\/vocesdebaires.com.ar\/index.php\/wp-json\/wp\/v2\/categories?post=40325"},{"taxonomy":"post_tag","embeddable":true,"href":"https:\/\/vocesdebaires.com.ar\/index.php\/wp-json\/wp\/v2\/tags?post=40325"}],"curies":[{"name":"wp","href":"https:\/\/api.w.org\/{rel}","templated":true}]}}