{"id":40334,"date":"2022-09-12T00:00:38","date_gmt":"2022-09-12T03:00:38","guid":{"rendered":"https:\/\/vocesdebaires.com.ar\/?p=40334"},"modified":"2022-09-11T20:05:11","modified_gmt":"2022-09-11T23:05:11","slug":"en-la-ciudad-daia-acuerdo-con-la-asociacion-argentina-de-arbitros","status":"publish","type":"post","link":"https:\/\/vocesdebaires.com.ar\/index.php\/2022\/09\/12\/en-la-ciudad-daia-acuerdo-con-la-asociacion-argentina-de-arbitros\/","title":{"rendered":"En la ciudad: DAIA Acuerdo con la Asociaci\u00f3n Argentina de \u00c1rbitros"},"content":{"rendered":"<p>La DAIA acord\u00f3 trabajar en conjunto con la Asociaci\u00f3n Argentina de \u00c1rbitros en el marco del programa \u201cConvivencia por la Inclusi\u00f3n\u201d, que abarcar\u00e1 a los diferentes actores que forman parte del f\u00fatbol argentino. El programa desarrollado por nuestra entidad tiene como misi\u00f3n reconocer acciones discriminatorias y sus consecuencias, reforzar el valor social de la diversidad cultural, los Derechos Humanos y la no discriminaci\u00f3n.<\/p>\n<p>\u00abAgradecemos al Secretario General de la Asociaci\u00f3n Argentina de \u00c1rbitros, Federico Beligoy, y a toda su comisi\u00f3n directiva por la recepci\u00f3n que nos brindaron en el Centro de Alto Rendimiento de la entidad. Nos espera un gran trabajo por la diversidad y en el combate contra la discriminaci\u00f3n en el mundo del f\u00fatbol\u00bb, afirm\u00f3 el vicepresidente 2\u00b0 de la DAIA, Sergio Pikholtz, quien estuvo acompa\u00f1ado por el director ejecutivo, V\u00edctor Garelik, la directora del Centro de Estudios Sociales, Marisa Braylan, y la investigadora de ese marco acad\u00e9mico, Ver\u00f3nica Constantino.<\/p>\n","protected":false},"excerpt":{"rendered":"<p>La DAIA acord\u00f3 trabajar en conjunto con la Asociaci\u00f3n Argentina de \u00c1rbitros en el marco del programa \u201cConvivencia por la Inclusi\u00f3n\u201d, que abarcar\u00e1 a los diferentes actores que forman parte del f\u00fatbol argentino. El programa desarrollado por nuestra entidad tiene como misi\u00f3n reconocer acciones discriminatorias y sus consecuencias, reforzar el valor social de la diversidad [&hellip;]<\/p>\n","protected":false},"author":2,"featured_media":40335,"comment_status":"open","ping_status":"open","sticky":false,"template":"","format":"standard","meta":{"_et_pb_use_builder":"","_et_pb_old_content":"","_et_gb_content_width":"","footnotes":""},"categories":[11,33],"tags":[],"class_list":["post-40334","post","type-post","status-publish","format-standard","has-post-thumbnail","hentry","category-ciudad","category-sociedad-y-cultura-2"],"_links":{"self":[{"href":"https:\/\/vocesdebaires.com.ar\/index.php\/wp-json\/wp\/v2\/posts\/40334"}],"collection":[{"href":"https:\/\/vocesdebaires.com.ar\/index.php\/wp-json\/wp\/v2\/posts"}],"about":[{"href":"https:\/\/vocesdebaires.com.ar\/index.php\/wp-json\/wp\/v2\/types\/post"}],"author":[{"embeddable":true,"href":"https:\/\/vocesdebaires.com.ar\/index.php\/wp-json\/wp\/v2\/users\/2"}],"replies":[{"embeddable":true,"href":"https:\/\/vocesdebaires.com.ar\/index.php\/wp-json\/wp\/v2\/comments?post=40334"}],"version-history":[{"count":1,"href":"https:\/\/vocesdebaires.com.ar\/index.php\/wp-json\/wp\/v2\/posts\/40334\/revisions"}],"predecessor-version":[{"id":40336,"href":"https:\/\/vocesdebaires.com.ar\/index.php\/wp-json\/wp\/v2\/posts\/40334\/revisions\/40336"}],"wp:featuredmedia":[{"embeddable":true,"href":"https:\/\/vocesdebaires.com.ar\/index.php\/wp-json\/wp\/v2\/media\/40335"}],"wp:attachment":[{"href":"https:\/\/vocesdebaires.com.ar\/index.php\/wp-json\/wp\/v2\/media?parent=40334"}],"wp:term":[{"taxonomy":"category","embeddable":true,"href":"https:\/\/vocesdebaires.com.ar\/index.php\/wp-json\/wp\/v2\/categories?post=40334"},{"taxonomy":"post_tag","embeddable":true,"href":"https:\/\/vocesdebaires.com.ar\/index.php\/wp-json\/wp\/v2\/tags?post=40334"}],"curies":[{"name":"wp","href":"https:\/\/api.w.org\/{rel}","templated":true}]}}