{"id":40337,"date":"2022-09-12T00:00:15","date_gmt":"2022-09-12T03:00:15","guid":{"rendered":"https:\/\/vocesdebaires.com.ar\/?p=40337"},"modified":"2022-09-11T20:08:19","modified_gmt":"2022-09-11T23:08:19","slug":"legislaturadistinguen-al-cardiologo-daniel-pineiro-como-personalidad-destacada","status":"publish","type":"post","link":"https:\/\/vocesdebaires.com.ar\/index.php\/2022\/09\/12\/legislaturadistinguen-al-cardiologo-daniel-pineiro-como-personalidad-destacada\/","title":{"rendered":"Legislatura:Distinguen a  Daniel Pi\u00f1eiro como Personalidad Destacada"},"content":{"rendered":"<p>La Legislatura homenaje\u00f3 al Dr. Daniel Jos\u00e9 Pi\u00f1eiro como Personalidad Destacada en el \u00e1mbito de las Ciencias M\u00e9dicas, a trav\u00e9s de un proyecto presentado por la legislatura Marina Kienast (RU). El Sal\u00f3n Dorado recibi\u00f3 el pasado viernes por la tarde al distinguido y sus allegados. El cardi\u00f3logo cuenta con un notable recorrido por el espacio de la salud, tanto en sus pr\u00e1cticas cient\u00edficas como en la formaci\u00f3n de futuros profesionales. \u201cDedic\u00f3 su vida y su trabajo en favor de la medicina.<\/p>\n<p>Desde la presidencia de la Sociedad Argentina de Cardiolog\u00eda, de la Sociedad Interamericana de Cardiolog\u00eda y de la Federaci\u00f3n Mundial del Coraz\u00f3n (primer argentino en ocupar la presidencia), fueron cargos que desempe\u00f1\u00f3 con una enorme dedicaci\u00f3n y compromiso para la sociedad\u201d, dijo la legisladora Kienast, quien sostuvo que el diploma que recibi\u00f3 el doctor \u201cenaltece no solo su labor personal sino a toda la ciencia m\u00e9dica de la Ciudad\u201d. Por su parte, Pi\u00f1eiro se manifest\u00f3 muy agradecido: \u201cEs un honor especial este reconocimiento en la Casa de la Ciudad de Buenos Aires, con diputados electos que tienen una funci\u00f3n muy importante, que hacen las leyes que permiten la interrelaci\u00f3n entre todos nosotros. Estoy muy contento de recibir esta distinci\u00f3n en este marco\u201d.<\/p>\n","protected":false},"excerpt":{"rendered":"<p>La Legislatura homenaje\u00f3 al Dr. Daniel Jos\u00e9 Pi\u00f1eiro como Personalidad Destacada en el \u00e1mbito de las Ciencias M\u00e9dicas, a trav\u00e9s de un proyecto presentado por la legislatura Marina Kienast (RU). El Sal\u00f3n Dorado recibi\u00f3 el pasado viernes por la tarde al distinguido y sus allegados. El cardi\u00f3logo cuenta con un notable recorrido por el espacio [&hellip;]<\/p>\n","protected":false},"author":2,"featured_media":40338,"comment_status":"open","ping_status":"open","sticky":false,"template":"","format":"standard","meta":{"_et_pb_use_builder":"","_et_pb_old_content":"","_et_gb_content_width":"","footnotes":""},"categories":[11,33],"tags":[],"class_list":["post-40337","post","type-post","status-publish","format-standard","has-post-thumbnail","hentry","category-ciudad","category-sociedad-y-cultura-2"],"_links":{"self":[{"href":"https:\/\/vocesdebaires.com.ar\/index.php\/wp-json\/wp\/v2\/posts\/40337"}],"collection":[{"href":"https:\/\/vocesdebaires.com.ar\/index.php\/wp-json\/wp\/v2\/posts"}],"about":[{"href":"https:\/\/vocesdebaires.com.ar\/index.php\/wp-json\/wp\/v2\/types\/post"}],"author":[{"embeddable":true,"href":"https:\/\/vocesdebaires.com.ar\/index.php\/wp-json\/wp\/v2\/users\/2"}],"replies":[{"embeddable":true,"href":"https:\/\/vocesdebaires.com.ar\/index.php\/wp-json\/wp\/v2\/comments?post=40337"}],"version-history":[{"count":2,"href":"https:\/\/vocesdebaires.com.ar\/index.php\/wp-json\/wp\/v2\/posts\/40337\/revisions"}],"predecessor-version":[{"id":40340,"href":"https:\/\/vocesdebaires.com.ar\/index.php\/wp-json\/wp\/v2\/posts\/40337\/revisions\/40340"}],"wp:featuredmedia":[{"embeddable":true,"href":"https:\/\/vocesdebaires.com.ar\/index.php\/wp-json\/wp\/v2\/media\/40338"}],"wp:attachment":[{"href":"https:\/\/vocesdebaires.com.ar\/index.php\/wp-json\/wp\/v2\/media?parent=40337"}],"wp:term":[{"taxonomy":"category","embeddable":true,"href":"https:\/\/vocesdebaires.com.ar\/index.php\/wp-json\/wp\/v2\/categories?post=40337"},{"taxonomy":"post_tag","embeddable":true,"href":"https:\/\/vocesdebaires.com.ar\/index.php\/wp-json\/wp\/v2\/tags?post=40337"}],"curies":[{"name":"wp","href":"https:\/\/api.w.org\/{rel}","templated":true}]}}