{"id":40361,"date":"2022-09-14T00:00:32","date_gmt":"2022-09-14T03:00:32","guid":{"rendered":"https:\/\/vocesdebaires.com.ar\/?p=40361"},"modified":"2022-09-13T20:08:04","modified_gmt":"2022-09-13T23:08:04","slug":"amiahomenaje-a-las-victimas-del-del-terrorismo-a-21-anos-del-11s","status":"publish","type":"post","link":"https:\/\/vocesdebaires.com.ar\/index.php\/2022\/09\/14\/amiahomenaje-a-las-victimas-del-del-terrorismo-a-21-anos-del-11s\/","title":{"rendered":"AMIA:Homenaje a las v\u00edctimas del del terrorismo a 21 a\u00f1os del 11S"},"content":{"rendered":"<p>Con una fuerte condena al accionar del terrorismo internacional, se realiz\u00f3 el pasado lunes por la tarde, en la sede central de AMIA, un emotivo acto de homenaje a las v\u00edctimas de los atentados perpetrados por Al Qaeda en suelo estadounidense el 11 de septiembre de 2001, que cont\u00f3 con la presencia de numerosos representantes diplom\u00e1ticos en nuestro pa\u00eds, e integrantes de diferentes instituciones comunitarias. Marc Stanley, embajador de Estados Unidos en la Argentina, y Amos Linetzky, presidente de AMIA, tuvieron a su cargo los discursos principales de la conmemoraci\u00f3n, que se inici\u00f3 con el encendido de una vela en memoria de todas las personas que fueron asesinadas en actos terroristas en distintas partes del mundo.<\/p>\n<p>\u201cCon el pueblo de los Estados Unidos nos unen muchas cosas. Estamos hermanados en el dolor porque nosotros tambi\u00e9n, en este mismo lugar, fuimos blanco del peor ataque terrorista que sufri\u00f3 nuestro pa\u00eds. Conocemos en primera persona el significado de esas ausencias sin sentido, de esas historias personales que deb\u00edan haber continuado\u201d, destac\u00f3 Amos Linetzky, presidente de la instituci\u00f3n a la hora de brindar su mensaje. \u201cPero no nos une s\u00f3lo el dolor, sino tambi\u00e9n el amor.<\/p>\n<p>El amor por la libertad, el respeto por las instituciones, el respeto a las minor\u00edas, la defensa de la democracia, el valor de las ideas, del trabajo y del progreso\u201d, agreg\u00f3 el presidente de la entidad, ante un nuevo aniversario del 11S, un ataque que\u00a0 al igual que otros cometidos en distintas partes del mundo\u00a0 \u201ctransformaron al mundo en un lugar mucho m\u00e1s inseguro y hostil, perpetrados por esa maquinaria terrorista que nos hizo sentir m\u00e1s vulnerables, expuestos a la peor versi\u00f3n del odio humano.\u201d A su turno, el embajador Marc Stanley, manifest\u00f3: \u201cLamentablemente, una de las muchas cosas que unen Argentina y Estados Unidos es que hemos sufrido los actos de terrorismo m\u00e1s horribles en nuestro hemisferio. Lamento profundamente que casi treinta a\u00f1os despu\u00e9s, a\u00fan no haya justicia por los ataques a la Embajada de Israel y AMIA.<\/p>\n<p>Esta falta de justicia es una herida abierta tanto para Estados Unidos como para Argentina\u201d, se\u00f1al\u00f3. \u201cMe entristece que nuestras sociedades compartan este dolor y tragedia. Pero me enorgullece estar hoy con ustedes y trabajar juntos para que estos actos de terrorismo se recuerden y no se repitan. Tengo esperanza porque juntos somos m\u00e1s fuertes. Estados Unidos y Argentina son socios para combatir el terrorismo en nuestros pa\u00edses y el mundo. Como democracias trabajamos juntos, no solo los gobiernos sino tambi\u00e9n la sociedad civil, contra el extremismo y por un mundo m\u00e1s justo, tolerante y pac\u00edfico\u201d, concluy\u00f3 el embajador de los EE.UU en nuestro pa\u00eds.<\/p>\n<p>La conmemoraci\u00f3n cont\u00f3 tambi\u00e9n con la presencia de la vicejefa de misi\u00f3n en la Embajada de los Estados Unidos en Argentina, Abigail Dressel; del embajador de Israel Eyal Sela; el embajador de Uruguay Carlos Enciso Christiansen; la embajadora de Polonia Aleksandra Pi\u0105tkowska; el ministro consejero Luis Tejada Chac\u00f3n, de la embajada de Espa\u00f1a; el encargado de Negocios de la Embajada de Alemania, Peter Neven; la c\u00f3nsul general Fran\u00e7oise Puissant Baeyens, en representaci\u00f3n de la Embajada de B\u00e9lgica; el encargado de Negocios Francisco de Calheiros, de la Embajada de Portugal, y la encargada de negocios Ver\u00f3nica Ocneriu, de la Embajada de Rumania. Tambi\u00e9n asistieron directivos de DAIA, Keren Kayemet Leisrael, FACCMA, el Congreso Jud\u00edo Latinoamericano, el American Jewish Joint Distribution Committee y FESERA, entre otras entidades.<\/p>\n<p>En el acto institucional realizado a 21 a\u00f1os de los atentados perpetrados en los Estados Unidos, se dej\u00f3 oficialmente inaugurada, adem\u00e1s, la muestra \u201cMemorias\u201d, del reconocido fot\u00f3grafo Aldo Sessa, que est\u00e1 integrada por cuatro im\u00e1genes panor\u00e1micas de las Torres Gemelas, realizadas en 1991. La exhibici\u00f3n se completa con dos fotograf\u00edas, producidas en 2019, de los memoriales \u201cEmpty Sky Memorial\u201d y \u201cNational September 11 Memorial &amp; Museum\u201d, que recuerdan a las personas que perdieron la vida en los atentados del 11 de septiembre. El encuentro organizado entre AMIA y la Embajada de Estados Unidos en la Argentina dio continuidad a los homenajes que se vienen realizando en conjunto desde el a\u00f1o 2009, para robustecer el ejercicio de la memoria colectiva y promover la cooperaci\u00f3n y el trabajo conjunto a favor de la paz, el respeto a las diferencias y la concordia entre las naciones.<\/p>\n","protected":false},"excerpt":{"rendered":"<p>Con una fuerte condena al accionar del terrorismo internacional, se realiz\u00f3 el pasado lunes por la tarde, en la sede central de AMIA, un emotivo acto de homenaje a las v\u00edctimas de los atentados perpetrados por Al Qaeda en suelo estadounidense el 11 de septiembre de 2001, que cont\u00f3 con la presencia de numerosos representantes [&hellip;]<\/p>\n","protected":false},"author":2,"featured_media":40362,"comment_status":"open","ping_status":"open","sticky":false,"template":"","format":"standard","meta":{"_et_pb_use_builder":"","_et_pb_old_content":"","_et_gb_content_width":"","footnotes":""},"categories":[11,33],"tags":[],"class_list":["post-40361","post","type-post","status-publish","format-standard","has-post-thumbnail","hentry","category-ciudad","category-sociedad-y-cultura-2"],"_links":{"self":[{"href":"https:\/\/vocesdebaires.com.ar\/index.php\/wp-json\/wp\/v2\/posts\/40361"}],"collection":[{"href":"https:\/\/vocesdebaires.com.ar\/index.php\/wp-json\/wp\/v2\/posts"}],"about":[{"href":"https:\/\/vocesdebaires.com.ar\/index.php\/wp-json\/wp\/v2\/types\/post"}],"author":[{"embeddable":true,"href":"https:\/\/vocesdebaires.com.ar\/index.php\/wp-json\/wp\/v2\/users\/2"}],"replies":[{"embeddable":true,"href":"https:\/\/vocesdebaires.com.ar\/index.php\/wp-json\/wp\/v2\/comments?post=40361"}],"version-history":[{"count":1,"href":"https:\/\/vocesdebaires.com.ar\/index.php\/wp-json\/wp\/v2\/posts\/40361\/revisions"}],"predecessor-version":[{"id":40363,"href":"https:\/\/vocesdebaires.com.ar\/index.php\/wp-json\/wp\/v2\/posts\/40361\/revisions\/40363"}],"wp:featuredmedia":[{"embeddable":true,"href":"https:\/\/vocesdebaires.com.ar\/index.php\/wp-json\/wp\/v2\/media\/40362"}],"wp:attachment":[{"href":"https:\/\/vocesdebaires.com.ar\/index.php\/wp-json\/wp\/v2\/media?parent=40361"}],"wp:term":[{"taxonomy":"category","embeddable":true,"href":"https:\/\/vocesdebaires.com.ar\/index.php\/wp-json\/wp\/v2\/categories?post=40361"},{"taxonomy":"post_tag","embeddable":true,"href":"https:\/\/vocesdebaires.com.ar\/index.php\/wp-json\/wp\/v2\/tags?post=40361"}],"curies":[{"name":"wp","href":"https:\/\/api.w.org\/{rel}","templated":true}]}}