{"id":40364,"date":"2022-09-14T00:00:47","date_gmt":"2022-09-14T03:00:47","guid":{"rendered":"https:\/\/vocesdebaires.com.ar\/?p=40364"},"modified":"2022-09-13T20:11:23","modified_gmt":"2022-09-13T23:11:23","slug":"pami-y-el-sindicato-de-gastronomicos-lanzan-cursos-de-gastronomia","status":"publish","type":"post","link":"https:\/\/vocesdebaires.com.ar\/index.php\/2022\/09\/14\/pami-y-el-sindicato-de-gastronomicos-lanzan-cursos-de-gastronomia\/","title":{"rendered":"PAMI y el Sindicato de Gastron\u00f3micos lanzan cursos de gastronom\u00eda"},"content":{"rendered":"<p>La directora ejecutiva de PAMI, Luana Volnovich, y el secretario general de UTHGRA, Luis Barrionuevo, firmaron ayer martes un convenio &#8211; junto a Mart\u00edn Rodr\u00edguez, subdirector ejecutivo de PAMI y Argentino Geneiro, secretario de capacitaci\u00f3n de UTHGRA- para que las afiliadas y los afiliados de la obra social puedan acceder a talleres de gastronom\u00eda en las sedes de formaci\u00f3n que el sindicato posee en todo el territorio nacional.El acuerdo establece que el gremio aporta su experiencia y conocimiento en materia de formaci\u00f3n y capacitaci\u00f3n para el desarrollo de los cursos y brinda tanto los materiales necesarios como los contenidos.<\/p>\n<p>Los cursos podr\u00e1n tener dos formatos: intensivo y b\u00e1sico. El primero incluir\u00e1 una modalidad te\u00f3rico pr\u00e1ctica de ocho clases, a dictarse en clases de 3 horas y media. El curso b\u00e1sico tendr\u00e1 una duraci\u00f3n de cuatro clases dictarse en clases de dos horas, una vez por semana. Asimismo las autoridades de UTHGRA ser\u00e1n las responsables de otorgar los certificados de asistencia.<br \/>\n\u201cPara PAMI la firma de este convenio es una buena noticia porque la capacitaci\u00f3n de las personas adultos mayores fortalece la pol\u00edtica de vejez activa que impulsamos desde el instituto\u201d, dijo Volnovich.<\/p>\n<p>A su turno, Barrionuevo expres\u00f3 que: \u201cEs una inmensa satisfacci\u00f3n suscribir este acuerdo con PAMI. La capacitaci\u00f3n de las personas mayores logra una mejor inserci\u00f3n de las y los jubilados en la sociedad\u201d. Adem\u00e1s, Volnovich rubric\u00f3 un acuerdo similar junto a Mariano C\u00faccaro, secretario adjunto del Sindicato \u00danico de Guardavidas y Afines de la Rep\u00fablica Argentina (SUGARA), para la realizaci\u00f3n de cursos de RCP y talleres de contenci\u00f3n psicoemocional en beneficio de las y los afiliados de PAMI. El convenio implica la incorporaci\u00f3n de coordinadores para los viajes de turismo social que realiza PAMI como parte de su pol\u00edtica sociopreventiva.<\/p>\n<p>\u201cConsolidar el v\u00ednculo entre los sindicatos y el PAMI nos permite implementar pol\u00edticas p\u00fablicas en favor de nuestras afiliadas y afiliados para, de esa manera, defender el rol del Estado\u201d, agreg\u00f3 Volnovich en una jornada que tuvo lugar en el centro de formaci\u00f3n profesional de la UTHGRA. La firma de los mencionados acuerdos se enmarcan en uno de los ejes estrat\u00e9gicos de la obra social, que es la promoci\u00f3n de la vejez activa. Se trata de una visi\u00f3n integral de la salud, que contempla a las actividades sociopreventivas como una herramienta fundamental para estimular la participaci\u00f3n y el cuidado de las personas mayores.<\/p>\n","protected":false},"excerpt":{"rendered":"<p>La directora ejecutiva de PAMI, Luana Volnovich, y el secretario general de UTHGRA, Luis Barrionuevo, firmaron ayer martes un convenio &#8211; junto a Mart\u00edn Rodr\u00edguez, subdirector ejecutivo de PAMI y Argentino Geneiro, secretario de capacitaci\u00f3n de UTHGRA- para que las afiliadas y los afiliados de la obra social puedan acceder a talleres de gastronom\u00eda en [&hellip;]<\/p>\n","protected":false},"author":2,"featured_media":40365,"comment_status":"open","ping_status":"open","sticky":false,"template":"","format":"standard","meta":{"_et_pb_use_builder":"","_et_pb_old_content":"","_et_gb_content_width":"","footnotes":""},"categories":[11,33],"tags":[],"class_list":["post-40364","post","type-post","status-publish","format-standard","has-post-thumbnail","hentry","category-ciudad","category-sociedad-y-cultura-2"],"_links":{"self":[{"href":"https:\/\/vocesdebaires.com.ar\/index.php\/wp-json\/wp\/v2\/posts\/40364"}],"collection":[{"href":"https:\/\/vocesdebaires.com.ar\/index.php\/wp-json\/wp\/v2\/posts"}],"about":[{"href":"https:\/\/vocesdebaires.com.ar\/index.php\/wp-json\/wp\/v2\/types\/post"}],"author":[{"embeddable":true,"href":"https:\/\/vocesdebaires.com.ar\/index.php\/wp-json\/wp\/v2\/users\/2"}],"replies":[{"embeddable":true,"href":"https:\/\/vocesdebaires.com.ar\/index.php\/wp-json\/wp\/v2\/comments?post=40364"}],"version-history":[{"count":1,"href":"https:\/\/vocesdebaires.com.ar\/index.php\/wp-json\/wp\/v2\/posts\/40364\/revisions"}],"predecessor-version":[{"id":40366,"href":"https:\/\/vocesdebaires.com.ar\/index.php\/wp-json\/wp\/v2\/posts\/40364\/revisions\/40366"}],"wp:featuredmedia":[{"embeddable":true,"href":"https:\/\/vocesdebaires.com.ar\/index.php\/wp-json\/wp\/v2\/media\/40365"}],"wp:attachment":[{"href":"https:\/\/vocesdebaires.com.ar\/index.php\/wp-json\/wp\/v2\/media?parent=40364"}],"wp:term":[{"taxonomy":"category","embeddable":true,"href":"https:\/\/vocesdebaires.com.ar\/index.php\/wp-json\/wp\/v2\/categories?post=40364"},{"taxonomy":"post_tag","embeddable":true,"href":"https:\/\/vocesdebaires.com.ar\/index.php\/wp-json\/wp\/v2\/tags?post=40364"}],"curies":[{"name":"wp","href":"https:\/\/api.w.org\/{rel}","templated":true}]}}