{"id":40368,"date":"2022-09-15T00:00:40","date_gmt":"2022-09-15T03:00:40","guid":{"rendered":"https:\/\/vocesdebaires.com.ar\/?p=40368"},"modified":"2022-09-14T23:39:27","modified_gmt":"2022-09-15T02:39:27","slug":"ciudad-otorgara-3-millones-de-pesos-al-innovamiento-mas-emprendedor-de-2022","status":"publish","type":"post","link":"https:\/\/vocesdebaires.com.ar\/index.php\/2022\/09\/15\/ciudad-otorgara-3-millones-de-pesos-al-innovamiento-mas-emprendedor-de-2022\/","title":{"rendered":"Ciudad otorgar\u00e1 3 millones de pesos al mejor emprendedor de 2022"},"content":{"rendered":"<p>Hasta el 25 de septiembre, emprendedores que trabajen con tem\u00e1ticas cient\u00edficas, tecnol\u00f3gicas y sustentables podr\u00e1n postular sus proyectos para participar de la Startup del A\u00f1o, un concurso que premiar\u00e1 al emprendimiento m\u00e1s innovador con 3 millones de pesos para impulsar su desarrollo. La iniciativa es organizada por el Ministerio de Desarrollo Econ\u00f3mico y Producci\u00f3n, a trav\u00e9s de la Subsecretar\u00eda Cooperaci\u00f3n para el Desarrollo Econ\u00f3mico y la Producci\u00f3n, en colaboraci\u00f3n con la C\u00e1mara Empresaria de Medio Ambiente (CEMA).<\/p>\n<p>Tiene por objetivo promover el desarrollo de iniciativas innovadoras, acompa\u00f1ando su progreso e incentivando su rol como futuros generadores de empleo.\u201cLa Ciudad tiene un ecosistema innovador, tecnol\u00f3gico y emprendedor que cuenta con un Estado que lo apoya, acompa\u00f1a y potencia. El talento de nuestro capital humano es altamente reconocido a nivel mundial\u201d, afirm\u00f3 Jos\u00e9 Luis Giusti, ministro de Desarrollo Econ\u00f3mico y Producci\u00f3n.<\/p>\n<p>El funcionario agreg\u00f3: \u201cDesde el ministerio, generamos iniciativas y brindamos herramientas para impulsar sus oportunidades de crecimiento, tales como la Startup del a\u00f1o. Por ello, invito a los emprendedores de la Ciudad a participar y proponer ideas disruptivas, innovadoras y sustentables\u201d.<br \/>\nLos interesados en participar tienen tiempo de inscribir su proyecto hasta el domingo 25 de septiembre a trav\u00e9s de esteformulario:https:\/\/www.formulariosgcba.gob.ar\/Qe2py3PO5LQB7BqgzGRL\/canal\/web<\/p>\n<p>Para postularse, deber\u00e1n cumplir con los siguientes requisitos: ser personas f\u00edsicas, mayores de 18 a\u00f1os y con residencia en la Ciudad; tener una facturaci\u00f3n anual no mayor a $1.500.000, y proponer un proyecto cient\u00edfico, tecnol\u00f3gico, sustentable o ecol\u00f3gico con caracter\u00edsticas innovadoras. Luego, un jurado compuesto por dos miembros del Gobierno de la Ciudad y dos representantes de la CEMA evaluar\u00e1 los proyectos.<\/p>\n<p>Finalmente, se anunciar\u00e1n a los tres ganadores el 20 de octubre en el marco del Foro de Negocios del C40, que recibir\u00e1n premios por $3.000.000, $2.000.000 y $1.000.000, y un certificado de la CEMA respectivamente. Los ganadores, adem\u00e1s, ser\u00e1n beneficiados con la promoci\u00f3n de sus proyectos por parte del Gobierno de la Ciudad y la CEMA. Para m\u00e1s informaci\u00f3n, enviar un correo electr\u00f3nico a concursostartup@buenosaires.gob.ar<\/p>\n","protected":false},"excerpt":{"rendered":"<p>Hasta el 25 de septiembre, emprendedores que trabajen con tem\u00e1ticas cient\u00edficas, tecnol\u00f3gicas y sustentables podr\u00e1n postular sus proyectos para participar de la Startup del A\u00f1o, un concurso que premiar\u00e1 al emprendimiento m\u00e1s innovador con 3 millones de pesos para impulsar su desarrollo. La iniciativa es organizada por el Ministerio de Desarrollo Econ\u00f3mico y Producci\u00f3n, a [&hellip;]<\/p>\n","protected":false},"author":3,"featured_media":40370,"comment_status":"open","ping_status":"open","sticky":false,"template":"","format":"standard","meta":{"_et_pb_use_builder":"","_et_pb_old_content":"","_et_gb_content_width":"","footnotes":""},"categories":[11,33],"tags":[],"class_list":["post-40368","post","type-post","status-publish","format-standard","has-post-thumbnail","hentry","category-ciudad","category-sociedad-y-cultura-2"],"_links":{"self":[{"href":"https:\/\/vocesdebaires.com.ar\/index.php\/wp-json\/wp\/v2\/posts\/40368"}],"collection":[{"href":"https:\/\/vocesdebaires.com.ar\/index.php\/wp-json\/wp\/v2\/posts"}],"about":[{"href":"https:\/\/vocesdebaires.com.ar\/index.php\/wp-json\/wp\/v2\/types\/post"}],"author":[{"embeddable":true,"href":"https:\/\/vocesdebaires.com.ar\/index.php\/wp-json\/wp\/v2\/users\/3"}],"replies":[{"embeddable":true,"href":"https:\/\/vocesdebaires.com.ar\/index.php\/wp-json\/wp\/v2\/comments?post=40368"}],"version-history":[{"count":3,"href":"https:\/\/vocesdebaires.com.ar\/index.php\/wp-json\/wp\/v2\/posts\/40368\/revisions"}],"predecessor-version":[{"id":40373,"href":"https:\/\/vocesdebaires.com.ar\/index.php\/wp-json\/wp\/v2\/posts\/40368\/revisions\/40373"}],"wp:featuredmedia":[{"embeddable":true,"href":"https:\/\/vocesdebaires.com.ar\/index.php\/wp-json\/wp\/v2\/media\/40370"}],"wp:attachment":[{"href":"https:\/\/vocesdebaires.com.ar\/index.php\/wp-json\/wp\/v2\/media?parent=40368"}],"wp:term":[{"taxonomy":"category","embeddable":true,"href":"https:\/\/vocesdebaires.com.ar\/index.php\/wp-json\/wp\/v2\/categories?post=40368"},{"taxonomy":"post_tag","embeddable":true,"href":"https:\/\/vocesdebaires.com.ar\/index.php\/wp-json\/wp\/v2\/tags?post=40368"}],"curies":[{"name":"wp","href":"https:\/\/api.w.org\/{rel}","templated":true}]}}