{"id":40381,"date":"2022-09-15T00:05:50","date_gmt":"2022-09-15T03:05:50","guid":{"rendered":"https:\/\/vocesdebaires.com.ar\/?p=40381"},"modified":"2022-09-15T00:12:07","modified_gmt":"2022-09-15T03:12:07","slug":"larreta-y-santilli-prepararse-para-gobernar-en-la-provincia-de-buenos-aires","status":"publish","type":"post","link":"https:\/\/vocesdebaires.com.ar\/index.php\/2022\/09\/15\/larreta-y-santilli-prepararse-para-gobernar-en-la-provincia-de-buenos-aires\/","title":{"rendered":"Larreta y Santilli: \u201cPrepararse para gobernar\u201d en la provincia de Bs As"},"content":{"rendered":"<p>El jefe de Gobierno porte\u00f1o, Horacio Rodr\u00edguez Larreta, y el diputado nacional Diego Santilli lanzaron el pasado lunes \u201cPrepararse para gobernar\u201d, un espacio de intercambio de experiencias de gesti\u00f3n con el objetivo de desarrollar planes de Gobierno a la altura de los desaf\u00edos que enfrenta la provincia de Buenos Aires.Este primer encuentro, realizado en el Golf Club de San Mart\u00edn, tuvo como expositores a Rodr\u00edguez Larreta, Santilli, el ex ministro de Econom\u00eda bonaerense Hern\u00e1n Lacunza y el intendente de Tres de Febrero, Diego Valenzuela, quienes abordaron la importancia de la planificaci\u00f3n y el contexto econ\u00f3mico y presupuestario actual de la Provincia.<\/p>\n<p>\u00abMuch\u00edsimo entusiasmo por ver como cada uno esta trabajando en los proyectos para los municipios, en el marco de un plan integral para la provincia que lidera Diego. Y haciendo foco y encarando los problemas de fondo de la provincia como la inseguridad. Estuvimos tambi\u00e9n intercambiando experiencias de gesti\u00f3n, con medidas que pueden servir para aplicar, siempre adapt\u00e1ndolo a la realidad de cada lugar\u00bb, coment\u00f3 finalizada el encuentro el Jefe de Gobierno porte\u00f1o. \u201cLa dedicaci\u00f3n para hacer un buen plan de movida es condici\u00f3n sine qua non. Para llegar y empezar desde el primer d\u00eda.<\/p>\n<p>Tenemos que ponernos metas, porque lo que no se mide no se mejora. Desde la provincia se va a acompa\u00f1ar con mucha fuerza la transformaci\u00f3n que vamos a llevar adelante en toda la Argentina\u00bb, concluy\u00f3 Rodr\u00edguez Larreta. \u00abEstamos ac\u00e1, todos juntos, dando una se\u00f1al de que vamos a ir a fondo y vamos a dar la pelea en todos los distritos que gobierna el kirchnerismo hace d\u00e9cadas. Tenemos la oportunidad hist\u00f3rica de cambiar con una matriz que ha generado atraso, frustraci\u00f3n y pobreza estructural. No podemos desaprovecharla\u00bb, afirm\u00f3 Santilli en su discurso de cierre. \u00abPodemos ganar la elecci\u00f3n el a\u00f1o que viene. Pero lo m\u00e1s importante es que tengamos las ideas, los programas, los equipos y la convicci\u00f3n y la energ\u00eda para llevarlos adelante\u00bb, asegur\u00f3 el diputado nacional.<\/p>\n<p>\u00abLes pido a todos que sigamos caminando, recorriendo, poniendo la cara, escuchando y llevando nuestra propuesta de cambio y transformaci\u00f3n a cada rinc\u00f3n de la provincia. Hace un a\u00f1o le ganamos al peronismo unido. Estoy seguro de que el a\u00f1o que viene podemos hacerlo de nuevo\u00bb, concluy\u00f3 Santilli. Seg\u00fan Valenzuela, \u201cno se debe gobernar desde La Plata, como ocurre ahora, sino que es con los intendentes y dirigentes locales que son los que conocen qu\u00e9 rutas hay que arreglar para sacar la producci\u00f3n o qu\u00e9 hacer con los caminos rurales, o d\u00f3nde es m\u00e1s necesario reforzar la seguridad\u201d.<\/p>\n<p>Asimismo, Valenzuela plante\u00f3 la necesidad de modernizar el estado, racionalizar el gasto y emprender un fuerte camino de simplificaci\u00f3n para los que invierten y trabajan, como ocurri\u00f3 en su municipio con la gratuidad de las habilitaciones para comercios, PyMEs e industrias. \u201cEs el trabajo y no los subsidios; queremos bajar impuestos para que haya m\u00e1s espacio para la inversi\u00f3n y el empleo privado. La Provincia tiene una capacidad exportadora incre\u00edble que se encuentra estancada\u201d, finaliz\u00f3 el intendente de Tres de Febrero. Se hicieron presentes en el evento 40 referentes de la Primera y Tercera secciones electorales. De Merlo estuvieron David Zencich y Aldana Ahumada; de Moreno, An\u00edbal Assef; de San Mart\u00edn,<\/p>\n<p>Andr\u00e9s Petrillo; de Tigre, Segundo Cernadas; de Mor\u00f3n, Ramiro Tagliaferro; de San Isidro, Rosal\u00eda Fucello; de Malvinas Argentinas, Lucas Aparicio; de Pilar, Sebasti\u00e1n Neuspiller; de San Miguel, Max Perkins; de Jos\u00e9 C. Paz, Ezequiel Pazos y Susana Ulloa; de Escobar, Mariano Castagnaro; de Hurlingham, Lucas Delfino; de Ituzaing\u00f3, Gast\u00f3n Di Castelnuovo; de San Fernando, Agustina Ciarletta; de Luj\u00e1n, H\u00e9ctor Griffini e Ignacio Casta\u00f1os; de General Rodr\u00edguez, Dar\u00edo Kubar; de Mercedes, Noe Ruiz y Evangelina Cabral; de Marcos Paz, Anabel Arboledas; de Navarro, Marcela G\u00f3mez; de Las Heras, Pablo Valerga; y de Suipacha, Walter Ochoa.<\/p>\n<p>Asimismo, de Lomas de Zamora asisti\u00f3 Guillermo Vi\u00f1uales; de Quilmes, Martiniano Molina; de Almirante Brown, Agustina Serrano y Mariano Reyes; de Florencio Varela, Pablo Alaniz; de Avellaneda, Maximiliano Gallucci; de Berazategui, Juli\u00e1n Amendolaggine ; de Esteban Echeverr\u00eda, Evert Van Tooren; de Berisso, Pablo Swar; de Presidente Per\u00f3n, Mauro Arranz y Guido Giana; de San Vicente, Federico \u201cPola\u201d Tomazin; de Punta Indio, Juan D\u2019Amico; de Ca\u00f1uelas, Santiago Mac Goey; y de Magdalena, Mart\u00edn Fontana.<\/p>\n","protected":false},"excerpt":{"rendered":"<p>El jefe de Gobierno porte\u00f1o, Horacio Rodr\u00edguez Larreta, y el diputado nacional Diego Santilli lanzaron el pasado lunes \u201cPrepararse para gobernar\u201d, un espacio de intercambio de experiencias de gesti\u00f3n con el objetivo de desarrollar planes de Gobierno a la altura de los desaf\u00edos que enfrenta la provincia de Buenos Aires.Este primer encuentro, realizado en el [&hellip;]<\/p>\n","protected":false},"author":2,"featured_media":40382,"comment_status":"open","ping_status":"open","sticky":false,"template":"","format":"standard","meta":{"_et_pb_use_builder":"","_et_pb_old_content":"","_et_gb_content_width":"","footnotes":""},"categories":[11,33],"tags":[],"class_list":["post-40381","post","type-post","status-publish","format-standard","has-post-thumbnail","hentry","category-ciudad","category-sociedad-y-cultura-2"],"_links":{"self":[{"href":"https:\/\/vocesdebaires.com.ar\/index.php\/wp-json\/wp\/v2\/posts\/40381"}],"collection":[{"href":"https:\/\/vocesdebaires.com.ar\/index.php\/wp-json\/wp\/v2\/posts"}],"about":[{"href":"https:\/\/vocesdebaires.com.ar\/index.php\/wp-json\/wp\/v2\/types\/post"}],"author":[{"embeddable":true,"href":"https:\/\/vocesdebaires.com.ar\/index.php\/wp-json\/wp\/v2\/users\/2"}],"replies":[{"embeddable":true,"href":"https:\/\/vocesdebaires.com.ar\/index.php\/wp-json\/wp\/v2\/comments?post=40381"}],"version-history":[{"count":2,"href":"https:\/\/vocesdebaires.com.ar\/index.php\/wp-json\/wp\/v2\/posts\/40381\/revisions"}],"predecessor-version":[{"id":40387,"href":"https:\/\/vocesdebaires.com.ar\/index.php\/wp-json\/wp\/v2\/posts\/40381\/revisions\/40387"}],"wp:featuredmedia":[{"embeddable":true,"href":"https:\/\/vocesdebaires.com.ar\/index.php\/wp-json\/wp\/v2\/media\/40382"}],"wp:attachment":[{"href":"https:\/\/vocesdebaires.com.ar\/index.php\/wp-json\/wp\/v2\/media?parent=40381"}],"wp:term":[{"taxonomy":"category","embeddable":true,"href":"https:\/\/vocesdebaires.com.ar\/index.php\/wp-json\/wp\/v2\/categories?post=40381"},{"taxonomy":"post_tag","embeddable":true,"href":"https:\/\/vocesdebaires.com.ar\/index.php\/wp-json\/wp\/v2\/tags?post=40381"}],"curies":[{"name":"wp","href":"https:\/\/api.w.org\/{rel}","templated":true}]}}