{"id":40388,"date":"2022-09-15T00:17:04","date_gmt":"2022-09-15T03:17:04","guid":{"rendered":"https:\/\/vocesdebaires.com.ar\/?p=40388"},"modified":"2022-09-15T00:17:04","modified_gmt":"2022-09-15T03:17:04","slug":"en-la-ciudadel-ciclo-lectivo-porteno-empezara-el-27-de-febrero","status":"publish","type":"post","link":"https:\/\/vocesdebaires.com.ar\/index.php\/2022\/09\/15\/en-la-ciudadel-ciclo-lectivo-porteno-empezara-el-27-de-febrero\/","title":{"rendered":"En la ciudad:El ciclo lectivo porte\u00f1o empezar\u00e1 el 27 de febrero"},"content":{"rendered":"<p>El Ministerio de Educaci\u00f3n porte\u00f1o defini\u00f3 para 2023 un calendario extendido de 192 d\u00edas de clases, 12 m\u00e1s que los 180 obligatorios. Para alcanzar este objetivo, todos los niveles educativos obligatorios comenzar\u00e1n las clases de manera anticipada el 27 de febrero y finalizar\u00e1n el 22 de diciembre. Los docentes volver\u00e1n a las aulas el 6 de febrero y la semana del 13 tendr\u00e1n una capacitaci\u00f3n obligatoria. A diferencia de este a\u00f1o, los estudiantes de nivel secundario comenzar\u00e1n las clases el mismo d\u00eda que inicial y primaria.<\/p>\n<p>Las mesas de examen para aquellos alumnos que deban materias se realizar\u00e1n el 23 y el 24 de febrero. Adem\u00e1s, se van a reducir los d\u00edas que los estudiantes pierden por las jornadas de capacitaci\u00f3n docente, que se denominan Espacios para la Mejora Institucional (EMI) y hasta el momento se realizan con suspensi\u00f3n de clases. A partir del 2023, tres de las cinco jornadas EMI se van a realizar los d\u00edas s\u00e1bados. Esta decisi\u00f3n implica una inversi\u00f3n adicional de la Ciudad para afrontar el pago extra a todos los docentes.<\/p>\n<p>Las escuelas de gesti\u00f3n privada, por su parte, deber\u00e1n presentar un plan alternativo que garantice que las EMIs se lleven a cabo sin suspensi\u00f3n de clases. \u201cPara recuperar los aprendizajes perdidos durante la pandemia tenemos que seguir tomando medidas extraordinarias. En este sentido, decidimos dar un paso m\u00e1s y pasar las jornadas docentes a los d\u00edas s\u00e1bados para que los chicos no pierdan un d\u00eda m\u00e1s de clases. Estoy convencida de que la soluci\u00f3n es con m\u00e1s y mejor educaci\u00f3n\u201d, expres\u00f3 Soledad Acu\u00f1a, ministra de Educaci\u00f3n porte\u00f1a.<\/p>\n<p><strong>Agenda 2023:<\/strong><br \/>\n6\/2: Los directivos y docentes vuelven a las escuelas para planificar, capacitarse y realizar reuniones de equipo.<br \/>\n13\/2: Los docentes realizan una capacitaci\u00f3n situada.<br \/>\n23 y 24\/2: Los estudiantes de secundaria rinden materias previas.<br \/>\n27\/2: Todos los estudiantes de nivel inicial, primario y secundario comienzan las clases.<br \/>\n22\/12: Finaliza el ciclo lectivo.<\/p>\n<p><strong>Qu\u00e9 son las jornadas EMI:<\/strong><br \/>\nLas jornadas EMI son los Espacios de Mejora Institucional que se llevan a cabo en las escuelas en las que docentes y directivos realizan planificaciones y capacitaciones. Se aplica a todos los niveles educativos -inicial, primario, secundario y terciario- de escuelas de gesti\u00f3n estatal y privada. Las jornadas EMI est\u00e1n establecidas en el cronograma y figuran en la Agenda Educativa de cada a\u00f1o.<\/p>\n<p>FOTOS GCBA<\/p>\n","protected":false},"excerpt":{"rendered":"<p>El Ministerio de Educaci\u00f3n porte\u00f1o defini\u00f3 para 2023 un calendario extendido de 192 d\u00edas de clases, 12 m\u00e1s que los 180 obligatorios. Para alcanzar este objetivo, todos los niveles educativos obligatorios comenzar\u00e1n las clases de manera anticipada el 27 de febrero y finalizar\u00e1n el 22 de diciembre. Los docentes volver\u00e1n a las aulas el 6 [&hellip;]<\/p>\n","protected":false},"author":2,"featured_media":40389,"comment_status":"open","ping_status":"open","sticky":false,"template":"","format":"standard","meta":{"_et_pb_use_builder":"","_et_pb_old_content":"","_et_gb_content_width":"","footnotes":""},"categories":[11,33],"tags":[],"class_list":["post-40388","post","type-post","status-publish","format-standard","has-post-thumbnail","hentry","category-ciudad","category-sociedad-y-cultura-2"],"_links":{"self":[{"href":"https:\/\/vocesdebaires.com.ar\/index.php\/wp-json\/wp\/v2\/posts\/40388"}],"collection":[{"href":"https:\/\/vocesdebaires.com.ar\/index.php\/wp-json\/wp\/v2\/posts"}],"about":[{"href":"https:\/\/vocesdebaires.com.ar\/index.php\/wp-json\/wp\/v2\/types\/post"}],"author":[{"embeddable":true,"href":"https:\/\/vocesdebaires.com.ar\/index.php\/wp-json\/wp\/v2\/users\/2"}],"replies":[{"embeddable":true,"href":"https:\/\/vocesdebaires.com.ar\/index.php\/wp-json\/wp\/v2\/comments?post=40388"}],"version-history":[{"count":1,"href":"https:\/\/vocesdebaires.com.ar\/index.php\/wp-json\/wp\/v2\/posts\/40388\/revisions"}],"predecessor-version":[{"id":40390,"href":"https:\/\/vocesdebaires.com.ar\/index.php\/wp-json\/wp\/v2\/posts\/40388\/revisions\/40390"}],"wp:featuredmedia":[{"embeddable":true,"href":"https:\/\/vocesdebaires.com.ar\/index.php\/wp-json\/wp\/v2\/media\/40389"}],"wp:attachment":[{"href":"https:\/\/vocesdebaires.com.ar\/index.php\/wp-json\/wp\/v2\/media?parent=40388"}],"wp:term":[{"taxonomy":"category","embeddable":true,"href":"https:\/\/vocesdebaires.com.ar\/index.php\/wp-json\/wp\/v2\/categories?post=40388"},{"taxonomy":"post_tag","embeddable":true,"href":"https:\/\/vocesdebaires.com.ar\/index.php\/wp-json\/wp\/v2\/tags?post=40388"}],"curies":[{"name":"wp","href":"https:\/\/api.w.org\/{rel}","templated":true}]}}