{"id":40391,"date":"2022-09-15T00:19:53","date_gmt":"2022-09-15T03:19:53","guid":{"rendered":"https:\/\/vocesdebaires.com.ar\/?p=40391"},"modified":"2022-09-15T00:19:53","modified_gmt":"2022-09-15T03:19:53","slug":"en-la-ciudad-ya-podes-conocer-los-nuevos-horarios-de-los-subte","status":"publish","type":"post","link":"https:\/\/vocesdebaires.com.ar\/index.php\/2022\/09\/15\/en-la-ciudad-ya-podes-conocer-los-nuevos-horarios-de-los-subte\/","title":{"rendered":"En la ciudad: Ya podes conocer los nuevos horarios de los Subte\u00a0"},"content":{"rendered":"<p>En la actualidad las l\u00edneas de subte prestan servicio de lunes a viernes desde las 5:30, los s\u00e1bados desde las 6 y domingos y feriados desde las 8. A excepci\u00f3n de la L\u00ednea D que modific\u00f3 su horario de servicio debido a la obra de modernizaci\u00f3n del sistema de se\u00f1ales. En ese sentido, de lunes a viernes mantiene el horario de inicio habitual a las 5.30 h y finaliza media hora antes, a las 22:30. Los s\u00e1bados inicia a las 6:30 y finaliza a las 22.30 y los domingos funciona de 8:30 a 20:30.<\/p>\n","protected":false},"excerpt":{"rendered":"<p>En la actualidad las l\u00edneas de subte prestan servicio de lunes a viernes desde las 5:30, los s\u00e1bados desde las 6 y domingos y feriados desde las 8. A excepci\u00f3n de la L\u00ednea D que modific\u00f3 su horario de servicio debido a la obra de modernizaci\u00f3n del sistema de se\u00f1ales. En ese sentido, de lunes [&hellip;]<\/p>\n","protected":false},"author":2,"featured_media":40392,"comment_status":"open","ping_status":"open","sticky":false,"template":"","format":"standard","meta":{"_et_pb_use_builder":"","_et_pb_old_content":"","_et_gb_content_width":"","footnotes":""},"categories":[11,33],"tags":[],"class_list":["post-40391","post","type-post","status-publish","format-standard","has-post-thumbnail","hentry","category-ciudad","category-sociedad-y-cultura-2"],"_links":{"self":[{"href":"https:\/\/vocesdebaires.com.ar\/index.php\/wp-json\/wp\/v2\/posts\/40391"}],"collection":[{"href":"https:\/\/vocesdebaires.com.ar\/index.php\/wp-json\/wp\/v2\/posts"}],"about":[{"href":"https:\/\/vocesdebaires.com.ar\/index.php\/wp-json\/wp\/v2\/types\/post"}],"author":[{"embeddable":true,"href":"https:\/\/vocesdebaires.com.ar\/index.php\/wp-json\/wp\/v2\/users\/2"}],"replies":[{"embeddable":true,"href":"https:\/\/vocesdebaires.com.ar\/index.php\/wp-json\/wp\/v2\/comments?post=40391"}],"version-history":[{"count":1,"href":"https:\/\/vocesdebaires.com.ar\/index.php\/wp-json\/wp\/v2\/posts\/40391\/revisions"}],"predecessor-version":[{"id":40393,"href":"https:\/\/vocesdebaires.com.ar\/index.php\/wp-json\/wp\/v2\/posts\/40391\/revisions\/40393"}],"wp:featuredmedia":[{"embeddable":true,"href":"https:\/\/vocesdebaires.com.ar\/index.php\/wp-json\/wp\/v2\/media\/40392"}],"wp:attachment":[{"href":"https:\/\/vocesdebaires.com.ar\/index.php\/wp-json\/wp\/v2\/media?parent=40391"}],"wp:term":[{"taxonomy":"category","embeddable":true,"href":"https:\/\/vocesdebaires.com.ar\/index.php\/wp-json\/wp\/v2\/categories?post=40391"},{"taxonomy":"post_tag","embeddable":true,"href":"https:\/\/vocesdebaires.com.ar\/index.php\/wp-json\/wp\/v2\/tags?post=40391"}],"curies":[{"name":"wp","href":"https:\/\/api.w.org\/{rel}","templated":true}]}}