{"id":40412,"date":"2022-09-16T00:46:02","date_gmt":"2022-09-16T03:46:02","guid":{"rendered":"https:\/\/vocesdebaires.com.ar\/?p=40412"},"modified":"2022-09-16T00:46:02","modified_gmt":"2022-09-16T03:46:02","slug":"quedo-inauguradola-edicion-47-de-la-feria-internacional-del-libro","status":"publish","type":"post","link":"https:\/\/vocesdebaires.com.ar\/index.php\/2022\/09\/16\/quedo-inauguradola-edicion-47-de-la-feria-internacional-del-libro\/","title":{"rendered":"Qued\u00f3 inaugurado:La edici\u00f3n 47 de la Feria Internacional del Libro"},"content":{"rendered":"<p>El acto se llev\u00f3 a cabo en el Auditorio Jorge Luis Borges de la Biblioteca Nacional y cont\u00f3 con casi 300 invitados presentes. Asistieron, adem\u00e1s de los Ministros de Cultura de Naci\u00f3n y Ciudad, Trist\u00e1n Bauer y Enrique Avogadro; la Embajadora de Chile, B\u00e1rbara Figueroa; la Presidenta de la Comisi\u00f3n Nacional de Bibliotecas Populares, Mar\u00eda del Carmen Bianchi; el Director de la Biblioteca Nacional Juan Sasturain; entre muchas otras personalidades del mundo de la cultura, as\u00ed tambi\u00e9n como diplom\u00e1ticos, editores, escritores y periodistas.<\/p>\n<p>Y fue organizado por la Fundaci\u00f3n El Libro transcurri\u00f3 esta ma\u00f1ana el acto de lanzamiento de la 47.\u00b0 Feria Internacional del Libro de Buenos Aires que se desarrollar\u00e1 del jueves 27 de abril al 15 de mayo de 2023 en el Predio Feria La Rural, mientras que las Jornadas Profesionales se iniciar\u00e1n el martes 25. En primer lugar, habl\u00f3 el Director General de la Fundaci\u00f3n El Libro, Ezequiel Mart\u00ednez, quien anunci\u00f3, entre otras cuestiones, que el escritor y acad\u00e9mico Mart\u00edn Kohan ser\u00e1 el el encargado de brindar el discurso inaugural de la pr\u00f3xima Feria.<\/p>\n","protected":false},"excerpt":{"rendered":"<p>El acto se llev\u00f3 a cabo en el Auditorio Jorge Luis Borges de la Biblioteca Nacional y cont\u00f3 con casi 300 invitados presentes. Asistieron, adem\u00e1s de los Ministros de Cultura de Naci\u00f3n y Ciudad, Trist\u00e1n Bauer y Enrique Avogadro; la Embajadora de Chile, B\u00e1rbara Figueroa; la Presidenta de la Comisi\u00f3n Nacional de Bibliotecas Populares, Mar\u00eda [&hellip;]<\/p>\n","protected":false},"author":2,"featured_media":40413,"comment_status":"open","ping_status":"open","sticky":false,"template":"","format":"standard","meta":{"_et_pb_use_builder":"","_et_pb_old_content":"","_et_gb_content_width":"","footnotes":""},"categories":[11,33],"tags":[],"class_list":["post-40412","post","type-post","status-publish","format-standard","has-post-thumbnail","hentry","category-ciudad","category-sociedad-y-cultura-2"],"_links":{"self":[{"href":"https:\/\/vocesdebaires.com.ar\/index.php\/wp-json\/wp\/v2\/posts\/40412"}],"collection":[{"href":"https:\/\/vocesdebaires.com.ar\/index.php\/wp-json\/wp\/v2\/posts"}],"about":[{"href":"https:\/\/vocesdebaires.com.ar\/index.php\/wp-json\/wp\/v2\/types\/post"}],"author":[{"embeddable":true,"href":"https:\/\/vocesdebaires.com.ar\/index.php\/wp-json\/wp\/v2\/users\/2"}],"replies":[{"embeddable":true,"href":"https:\/\/vocesdebaires.com.ar\/index.php\/wp-json\/wp\/v2\/comments?post=40412"}],"version-history":[{"count":1,"href":"https:\/\/vocesdebaires.com.ar\/index.php\/wp-json\/wp\/v2\/posts\/40412\/revisions"}],"predecessor-version":[{"id":40414,"href":"https:\/\/vocesdebaires.com.ar\/index.php\/wp-json\/wp\/v2\/posts\/40412\/revisions\/40414"}],"wp:featuredmedia":[{"embeddable":true,"href":"https:\/\/vocesdebaires.com.ar\/index.php\/wp-json\/wp\/v2\/media\/40413"}],"wp:attachment":[{"href":"https:\/\/vocesdebaires.com.ar\/index.php\/wp-json\/wp\/v2\/media?parent=40412"}],"wp:term":[{"taxonomy":"category","embeddable":true,"href":"https:\/\/vocesdebaires.com.ar\/index.php\/wp-json\/wp\/v2\/categories?post=40412"},{"taxonomy":"post_tag","embeddable":true,"href":"https:\/\/vocesdebaires.com.ar\/index.php\/wp-json\/wp\/v2\/tags?post=40412"}],"curies":[{"name":"wp","href":"https:\/\/api.w.org\/{rel}","templated":true}]}}