{"id":40415,"date":"2022-09-16T00:49:34","date_gmt":"2022-09-16T03:49:34","guid":{"rendered":"https:\/\/vocesdebaires.com.ar\/?p=40415"},"modified":"2022-09-16T00:49:34","modified_gmt":"2022-09-16T03:49:34","slug":"ciudadamia-contara-con-una-oficina-del-ministerio-publico-tutelar","status":"publish","type":"post","link":"https:\/\/vocesdebaires.com.ar\/index.php\/2022\/09\/16\/ciudadamia-contara-con-una-oficina-del-ministerio-publico-tutelar\/","title":{"rendered":"Ciudad:AMIA contar\u00e1 con una oficina del Ministerio P\u00fablico Tutelar"},"content":{"rendered":"<p>Pr\u00f3ximamente comenzar\u00e1 a funcionar en la sede de AMIA de la calle Uriburu 650, una oficina del Ministerio P\u00fablico Tutelar, organismo que integra el Poder Judicial de la ciudad de Buenos Aires, y que trabaja para garantizar el cumplimiento de los derechos de ni\u00f1as, ni\u00f1os y adolescentes y personas que requieren apoyos para su salud mental. La apertura de la nueva oficina del organismo ser\u00e1 posible gracias al convenio que firmaron, el pasado lunes 12 de septiembre, el presidente de AMIA, Amos Linetzky, y la asesora general del mencionado organismo, Carolina Stanley.<\/p>\n<p>Participaron tambi\u00e9n de la r\u00fabrica del acuerdo la secretaria general de Gesti\u00f3n del Ministerio P\u00fablico Tutelar, Pilar Molina; el secretario general de AMIA, Gabriel Gorenstein; el tesorero Ariel Halper\u00edn; el integrante de la Comisi\u00f3n Directiva, Gabriel Gutesman, el director ejecutivo Daniel Pomerantz; la directora del \u00e1rea de Programas Sociales Fanny Kohon, y la coordinadora de Servicios Sociales, Paula Jait.<\/p>\n<p>Luego de la firma del acuerdo, la titular del Ministerio P\u00fablico Tutelar destac\u00f3 la importancia del convenio logrado y ponder\u00f3 el trabajo en equipo que se llev\u00f3 adelante desde el Servicio Social de AMIA y del organismo judicial para poder brindar un nuevo servicio a la comunidad. \u201cEn primer lugar, quiero agradecerles la confianza para hacer posible la apertura de la sede\u201d, asegur\u00f3 Carolina Stanley, en la reuni\u00f3n que mantuvo con autoridades de la instituci\u00f3n. \u201cQuiero volver a agradecer a todo el equipo la predisposici\u00f3n brindada para ser posible esta nueva oficina, y poder acercar los servicios que se prestan desde el Ministerio, para poder llegar a todos los vecinos de la ciudad de Buenos Aires, que es nuestro prop\u00f3sito\u201d, agreg\u00f3.<\/p>\n<p>Por su parte, el presidente de AMIA, Amos Linetzky, remarc\u00f3 la relevancia para la instituci\u00f3n de poder brindar un nuevo servicio de acceso a la justicia a la comunidad, en el marco del trabajo que se viene realizando por la promoci\u00f3n de los derechos sociales. La oficina del Ministerio P\u00fablico Tutelar funcionar\u00e1 una vez por semana, y estar\u00e1 disponible para familias beneficiarias del Servicio Social de AMIA, y de la Red de Protecci\u00f3n Social Comunitaria.Estar\u00e1 atendida por profesionales del mencionado organismo que tiene como misi\u00f3n el control de legalidad de los procedimientos, la promoci\u00f3n del acceso a la justicia y el respeto, la protecci\u00f3n, promoci\u00f3n y satisfacci\u00f3n de los derechos y garant\u00edas de ni\u00f1as, ni\u00f1os y adolescentes y personas que requieren apoyos en el ejercicio de su capacidad jur\u00eddica.<\/p>\n","protected":false},"excerpt":{"rendered":"<p>Pr\u00f3ximamente comenzar\u00e1 a funcionar en la sede de AMIA de la calle Uriburu 650, una oficina del Ministerio P\u00fablico Tutelar, organismo que integra el Poder Judicial de la ciudad de Buenos Aires, y que trabaja para garantizar el cumplimiento de los derechos de ni\u00f1as, ni\u00f1os y adolescentes y personas que requieren apoyos para su salud [&hellip;]<\/p>\n","protected":false},"author":2,"featured_media":40416,"comment_status":"open","ping_status":"open","sticky":false,"template":"","format":"standard","meta":{"_et_pb_use_builder":"","_et_pb_old_content":"","_et_gb_content_width":"","footnotes":""},"categories":[11,33],"tags":[],"class_list":["post-40415","post","type-post","status-publish","format-standard","has-post-thumbnail","hentry","category-ciudad","category-sociedad-y-cultura-2"],"_links":{"self":[{"href":"https:\/\/vocesdebaires.com.ar\/index.php\/wp-json\/wp\/v2\/posts\/40415"}],"collection":[{"href":"https:\/\/vocesdebaires.com.ar\/index.php\/wp-json\/wp\/v2\/posts"}],"about":[{"href":"https:\/\/vocesdebaires.com.ar\/index.php\/wp-json\/wp\/v2\/types\/post"}],"author":[{"embeddable":true,"href":"https:\/\/vocesdebaires.com.ar\/index.php\/wp-json\/wp\/v2\/users\/2"}],"replies":[{"embeddable":true,"href":"https:\/\/vocesdebaires.com.ar\/index.php\/wp-json\/wp\/v2\/comments?post=40415"}],"version-history":[{"count":1,"href":"https:\/\/vocesdebaires.com.ar\/index.php\/wp-json\/wp\/v2\/posts\/40415\/revisions"}],"predecessor-version":[{"id":40417,"href":"https:\/\/vocesdebaires.com.ar\/index.php\/wp-json\/wp\/v2\/posts\/40415\/revisions\/40417"}],"wp:featuredmedia":[{"embeddable":true,"href":"https:\/\/vocesdebaires.com.ar\/index.php\/wp-json\/wp\/v2\/media\/40416"}],"wp:attachment":[{"href":"https:\/\/vocesdebaires.com.ar\/index.php\/wp-json\/wp\/v2\/media?parent=40415"}],"wp:term":[{"taxonomy":"category","embeddable":true,"href":"https:\/\/vocesdebaires.com.ar\/index.php\/wp-json\/wp\/v2\/categories?post=40415"},{"taxonomy":"post_tag","embeddable":true,"href":"https:\/\/vocesdebaires.com.ar\/index.php\/wp-json\/wp\/v2\/tags?post=40415"}],"curies":[{"name":"wp","href":"https:\/\/api.w.org\/{rel}","templated":true}]}}