{"id":40429,"date":"2022-09-19T00:00:18","date_gmt":"2022-09-19T03:00:18","guid":{"rendered":"https:\/\/vocesdebaires.com.ar\/?p=40429"},"modified":"2022-09-19T00:12:44","modified_gmt":"2022-09-19T03:12:44","slug":"larreta-y-santilli-una-lastima-que-se-haya-usado-una-misa-para-un-acto-politico","status":"publish","type":"post","link":"https:\/\/vocesdebaires.com.ar\/index.php\/2022\/09\/19\/larreta-y-santilli-una-lastima-que-se-haya-usado-una-misa-para-un-acto-politico\/","title":{"rendered":"Larreta y Santilli: \u00abL\u00e1stima que hayan usado una misa para un acto pol\u00edtico\u201d"},"content":{"rendered":"<p>El jefe de Gobierno de la Ciudad de Buenos Aires, Horacio Rodr\u00edguez Larreta, y el diputado nacional por la provincia de Buenos Aires, Diego Santilli, recorrieron el pasado viernes el municipio de Luj\u00e1n, acompa\u00f1ados por el concejal H\u00e9ctor Griffin, y criticaron la convocatoria del gobierno nacional a la misa del s\u00e1bado pasado en la Ciudad. En di\u00e1logo con medios locales, Rodr\u00edguez Larreta dijo que \u201ces tiempo de escuchar\u201d y que Juntos por el Cambio est\u00e1 unido, trabajando para \u201ccambiar Luj\u00e1n, la provincia y el pa\u00eds\u201d.<\/p>\n<p>El mandatario remarc\u00f3 que \u201cno es tiempo de hablar de candidaturas\u201d y en cambio, se refiri\u00f3 al trabajo que est\u00e1 haciendo el partido en todo el pa\u00eds para resolver los problemas de los argentinos. Consultado por la inseguridad que afecta a los bonaerenses, calific\u00f3 al problema de \u201cdesesperante\u201d pero que \u201cse puede mejorar\u201d, y afirm\u00f3: \u201cPor desgracia, la inseguridad aparece en todos los municipios cercanos a la capital, donde la gente tiene miedo de salir a la calle\u201d.<\/p>\n<p>En este sentido, Santilli detall\u00f3: \u201cHay dos preocupaciones en los argentinos y los bonaerenses: la inflaci\u00f3n y la falta de trabajo. El otro gran problema es la inseguridad, que se sufre mucho m\u00e1s en los 25 municipios m\u00e1s cercanos al conurbano que en el interior\u00bb. El diputado nacional asegur\u00f3: \u201cLa inseguridad se aborda con decisi\u00f3n pol\u00edtica como hizo Horacio y con un valor central que no se negocia: defender a los ciudadanos y a las v\u00edctimas, y detener a los delincuentes. Eso es lo que se ha hecho en la Ciudad.<\/p>\n<p>Es la segunda ciudad del continente con menos homicidios (de 7,7 homicidios cada 100.000 habitantes a 3,3), 82% menos de motochorros, 60% menos de hurtos, 65% menos de robos, 92% menos de secuestros. Son hechos concretos de un plan que se sostuvo en el tiempo. Son cifras a las que se llega con decisi\u00f3n pol\u00edtica y planificaci\u00f3n\u201d. En cuanto a c\u00f3mo se resuelve el descreimiento de los argentinos respecto de la clase pol\u00edtica, Rodr\u00edguez Larreta afirm\u00f3: \u201cTrabajando.\u00a0 No somos todos iguales. No es lo mismo lo que ha pasado en el conurbano en los \u00faltimos 30 a\u00f1os, donde hay un deterioro enorme, que lo que ha sucedido en la Ciudad de Buenos Aires, donde ha habido una transformaci\u00f3n positiva que todos reconocen\u201d.<\/p>\n<p>\u201cEsa misma vocaci\u00f3n de trabajo y transformaci\u00f3n la queremos llevar adelante en el resto del pa\u00eds\u201d, agreg\u00f3. Respecto del ataque a la Vicepresidenta de la Naci\u00f3n y a la Misa por la Paz, convocada por el arzobispo Jorge Eduardo Scheinig en Luj\u00e1n, luego del atentado, Santilli aclar\u00f3: \u201cHemos repudiado contundentemente el intento de magnicidio a la Vicepresidenta, pero en cuanto a la misa por la Paz, fue una convocatoria partidaria\u201d. En el mismo sentido, el Jefe de la Ciudad de Buenos Aires remarc\u00f3: \u201cEs una l\u00e1stima que se haya usado una misa en la Catedral para hacer un acto pol\u00edtico\u201d.<\/p>\n<p>Sobre c\u00f3mo se mejora la seguridad y la educaci\u00f3n con los recursos de Luj\u00e1n, Rodr\u00edguez Larreta explic\u00f3 que \u201cel municipio puede reforzar con equipamiento y patrulleros, pero que el financiamiento es una responsabilidad provincial, no municipal\u201d. Antes de la conferencia de prensa, los dirigentes de Juntos compartieron un caf\u00e9 con vecinos. Luego, caminaron por la avenida San Mart\u00edn donde conversaron con comerciantes para escuchar las problem\u00e1ticas y desaf\u00edos de la zona.<\/p>\n<p>La agenda de Rodr\u00edguez Larreta contin\u00faa desde el mediod\u00eda en la localidad de Mercedes, con una visita a un campo dedicado a la agricultura y a la ganader\u00eda junto a la diputada bonaerense y referente del PRO en ese distrito, Noelia Ruiz. Tambi\u00e9n est\u00e1 previsto un almuerzo con peque\u00f1os y medianos empresarios, un encuentro con vecinos y una conferencia de prensa para los medios locales. Por otro lado, el diputado nacional se dirigi\u00f3 a las localidades de Arrecifes y Carmen de Areco, donde mantendr\u00e1 reuniones con productores, empresarios y vecinos de ambas ciudades.<\/p>\n","protected":false},"excerpt":{"rendered":"<p>El jefe de Gobierno de la Ciudad de Buenos Aires, Horacio Rodr\u00edguez Larreta, y el diputado nacional por la provincia de Buenos Aires, Diego Santilli, recorrieron el pasado viernes el municipio de Luj\u00e1n, acompa\u00f1ados por el concejal H\u00e9ctor Griffin, y criticaron la convocatoria del gobierno nacional a la misa del s\u00e1bado pasado en la Ciudad. [&hellip;]<\/p>\n","protected":false},"author":3,"featured_media":40447,"comment_status":"open","ping_status":"open","sticky":false,"template":"","format":"standard","meta":{"_et_pb_use_builder":"","_et_pb_old_content":"","_et_gb_content_width":"","footnotes":""},"categories":[11,33],"tags":[],"class_list":["post-40429","post","type-post","status-publish","format-standard","has-post-thumbnail","hentry","category-ciudad","category-sociedad-y-cultura-2"],"_links":{"self":[{"href":"https:\/\/vocesdebaires.com.ar\/index.php\/wp-json\/wp\/v2\/posts\/40429"}],"collection":[{"href":"https:\/\/vocesdebaires.com.ar\/index.php\/wp-json\/wp\/v2\/posts"}],"about":[{"href":"https:\/\/vocesdebaires.com.ar\/index.php\/wp-json\/wp\/v2\/types\/post"}],"author":[{"embeddable":true,"href":"https:\/\/vocesdebaires.com.ar\/index.php\/wp-json\/wp\/v2\/users\/3"}],"replies":[{"embeddable":true,"href":"https:\/\/vocesdebaires.com.ar\/index.php\/wp-json\/wp\/v2\/comments?post=40429"}],"version-history":[{"count":3,"href":"https:\/\/vocesdebaires.com.ar\/index.php\/wp-json\/wp\/v2\/posts\/40429\/revisions"}],"predecessor-version":[{"id":40433,"href":"https:\/\/vocesdebaires.com.ar\/index.php\/wp-json\/wp\/v2\/posts\/40429\/revisions\/40433"}],"wp:featuredmedia":[{"embeddable":true,"href":"https:\/\/vocesdebaires.com.ar\/index.php\/wp-json\/wp\/v2\/media\/40447"}],"wp:attachment":[{"href":"https:\/\/vocesdebaires.com.ar\/index.php\/wp-json\/wp\/v2\/media?parent=40429"}],"wp:term":[{"taxonomy":"category","embeddable":true,"href":"https:\/\/vocesdebaires.com.ar\/index.php\/wp-json\/wp\/v2\/categories?post=40429"},{"taxonomy":"post_tag","embeddable":true,"href":"https:\/\/vocesdebaires.com.ar\/index.php\/wp-json\/wp\/v2\/tags?post=40429"}],"curies":[{"name":"wp","href":"https:\/\/api.w.org\/{rel}","templated":true}]}}