{"id":40439,"date":"2022-09-19T00:00:53","date_gmt":"2022-09-19T03:00:53","guid":{"rendered":"https:\/\/vocesdebaires.com.ar\/?p=40439"},"modified":"2022-09-18T17:38:24","modified_gmt":"2022-09-18T20:38:24","slug":"amia-se-inauguro-en-miami-la-muestra-fotografica-ese-dia","status":"publish","type":"post","link":"https:\/\/vocesdebaires.com.ar\/index.php\/2022\/09\/19\/amia-se-inauguro-en-miami-la-muestra-fotografica-ese-dia\/","title":{"rendered":"AMIA: Se inaugur\u00f3 en Miami la muestra fotogr\u00e1fica \u201cEse d\u00eda\u201d"},"content":{"rendered":"<p>Luego de su recorrido por diferentes ciudades de los Estados Unidos, qued\u00f3 oficialmente inaugurada en la galer\u00eda \u201cTom\u00e1s Redrado Art Gallery\u201d, en Miami, la muestra \u201cEse d\u00eda\u201d, integrada por 26 retratos que la reconocida fot\u00f3grafa Alejandra L\u00f3pez realiz\u00f3 a sobrevivientes del ataque terrorista contra la AMIA. El acto de apertura se realiz\u00f3 el pasado martes 13 de septiembre y cont\u00f3 con la participaci\u00f3n del embajador argentino en los Estados Unidos, Jorge Arg\u00fcello, y el c\u00f3nsul general en Miami, Leandro Fern\u00e1ndez Su\u00e1rez. En representaci\u00f3n de AMIA, estuvo presente el director de Arte y Producci\u00f3n de la instituci\u00f3n, Elio Kapszuk. Tambi\u00e9n concurrieron artistas locales y miembros de la comunidad jud\u00eda del lugar.<\/p>\n<p>Al momento de inaugurar la muestra, el embajador argentino inst\u00f3 a no olvidar y a no naturalizar el horror que despliega el accionar terrorista. \u201cEl ataque a la AMIA fue un ataque contra todos los argentinos, contra nuestra democracia, contra nuestra libertad, golpeando el coraz\u00f3n de la comunidad jud\u00eda argentina\u201d, remarc\u00f3. \u201cLe decimos al mundo que quienes quieran sembrar el terror nunca m\u00e1s van a triunfar. No lo vamos a permitir\u201d, advirti\u00f3 Arg\u00fcello. \u201cNo dejaremos de reclamar por la memoria, verdad y justicia\u201d.<\/p>\n<p>A su turno, Elio Kapszuk expres\u00f3: \u201cRecordar a las 85 v\u00edctimas fatales a trav\u00e9s de este testimonio es una tarea que re\u00fane a la memoria con el arte, produciendo permanentes recordatorios. En tiempos de impunidad, el ejercicio de memoria tiene que implicar el reclamo de justicia. La fotograf\u00eda construye memoria desde un recorte de la historia. Y cuando el olvido quiera hacer su trabajo, aqu\u00ed estar\u00e1n estos retratos testigo para imped\u00edrselo\u201d, agreg\u00f3 Kapszuk.<\/p>\n<p>Para esta exhibici\u00f3n, que busca promover el ejercicio de la memoria y renovar el reclamo de justicia, se dispuso adem\u00e1s de un espacio dedicado a las fotos hist\u00f3ricas que realiz\u00f3 Julio Menajovsky, uno de los primeros reporteros gr\u00e1ficos en llegar al lugar de la explosi\u00f3n en la ma\u00f1ana del 18 de julio de 1994, y cuyas im\u00e1genes fueron reproducidas en los medios de comunicaci\u00f3n a lo largo de estos a\u00f1os. Los asistentes tambi\u00e9n podr\u00e1n ver los afiches que realiz\u00f3 el artista Tano Ver\u00f3n, a pedido de la instituci\u00f3n para el 26\u00ba aniversario del atentado, para denunciar, a trav\u00e9s del arte, la impunidad vigente en la causa, y rendir homenaje a las 85 personas que fueron asesinadas en el ataque terrorista, del que ya se cumplieron 28 a\u00f1os.<\/p>\n<p>Los retratos que integran la muestra \u201cEse d\u00eda\u201d ya fueron exhibidos en diferentes consulados argentinos en los Estados Unidos, incluyendo la sede de la embajada de nuestro pa\u00eds en Washington y Nueva York. En Miami la muestra podr\u00e1 visitarse hasta el viernes 30 de septiembre. Con im\u00e1genes austeras, pero de gran contundencia, las fotograf\u00edas que realiz\u00f3 Alejandra L\u00f3pez, a pedido de AMIA, corroboran, en toda su dimensi\u00f3n, el momento bisagra que represent\u00f3 en la vida de cada sobreviviente el ataque terrorista perpetrado el 18 de julio de 1994.<\/p>\n<p>Las fotos fueron tomadas por la artista, en su estudio, durante la pandemia. Antes de realizar los retratos, cada sesi\u00f3n cont\u00f3 con un encuentro previo, en el que cada persona pudo contar su historia. \u201cCreo en la comunicaci\u00f3n y en el poder de la escucha. Esa charla form\u00f3 parte del proceso creativo. Creo que para todos fue importante contar con ese espacio de conexi\u00f3n con lo que pas\u00f3 aquel d\u00eda, para que el momento de la foto no fuera dif\u00edcil de atravesar\u201d, record\u00f3 la fot\u00f3grafa. Para su exhibici\u00f3n, las im\u00e1genes fueron impresas en papel artesanal, especialmente confeccionado por Alejandro Geiler y Julio Mroue, a partir de hojas de diario y fotocopias de recortes de noticias de los d\u00edas posteriores al atentado terrorista contra la AMIA.<\/p>\n<p>\u201cEse d\u00eda\u201d cuenta con un cat\u00e1logo virtual, que puede recorrerse en http:\/\/esedia.amia.org.ar\/. Biling\u00fce e interactivo, desde el sitio web se pueden conocer m\u00e1s datos sobre las historias de las personas que fueron retratadas (con solo tocar una de las im\u00e1genes), acceder a testimonios audiovisuales, y realizar un recorrido virtual en una sala expositiva 3D. Desde el 19 de agosto, los retratos de la muestra \u201cEse d\u00eda\u201d se exhiben en el segundo subsuelo de la sede de AMIA, Pasteur 633, de manera permanente, y puede visitarse gratuitamente.<\/p>\n","protected":false},"excerpt":{"rendered":"<p>Luego de su recorrido por diferentes ciudades de los Estados Unidos, qued\u00f3 oficialmente inaugurada en la galer\u00eda \u201cTom\u00e1s Redrado Art Gallery\u201d, en Miami, la muestra \u201cEse d\u00eda\u201d, integrada por 26 retratos que la reconocida fot\u00f3grafa Alejandra L\u00f3pez realiz\u00f3 a sobrevivientes del ataque terrorista contra la AMIA. El acto de apertura se realiz\u00f3 el pasado martes [&hellip;]<\/p>\n","protected":false},"author":2,"featured_media":40440,"comment_status":"open","ping_status":"open","sticky":false,"template":"","format":"standard","meta":{"_et_pb_use_builder":"","_et_pb_old_content":"","_et_gb_content_width":"","footnotes":""},"categories":[11,33],"tags":[],"class_list":["post-40439","post","type-post","status-publish","format-standard","has-post-thumbnail","hentry","category-ciudad","category-sociedad-y-cultura-2"],"_links":{"self":[{"href":"https:\/\/vocesdebaires.com.ar\/index.php\/wp-json\/wp\/v2\/posts\/40439"}],"collection":[{"href":"https:\/\/vocesdebaires.com.ar\/index.php\/wp-json\/wp\/v2\/posts"}],"about":[{"href":"https:\/\/vocesdebaires.com.ar\/index.php\/wp-json\/wp\/v2\/types\/post"}],"author":[{"embeddable":true,"href":"https:\/\/vocesdebaires.com.ar\/index.php\/wp-json\/wp\/v2\/users\/2"}],"replies":[{"embeddable":true,"href":"https:\/\/vocesdebaires.com.ar\/index.php\/wp-json\/wp\/v2\/comments?post=40439"}],"version-history":[{"count":1,"href":"https:\/\/vocesdebaires.com.ar\/index.php\/wp-json\/wp\/v2\/posts\/40439\/revisions"}],"predecessor-version":[{"id":40441,"href":"https:\/\/vocesdebaires.com.ar\/index.php\/wp-json\/wp\/v2\/posts\/40439\/revisions\/40441"}],"wp:featuredmedia":[{"embeddable":true,"href":"https:\/\/vocesdebaires.com.ar\/index.php\/wp-json\/wp\/v2\/media\/40440"}],"wp:attachment":[{"href":"https:\/\/vocesdebaires.com.ar\/index.php\/wp-json\/wp\/v2\/media?parent=40439"}],"wp:term":[{"taxonomy":"category","embeddable":true,"href":"https:\/\/vocesdebaires.com.ar\/index.php\/wp-json\/wp\/v2\/categories?post=40439"},{"taxonomy":"post_tag","embeddable":true,"href":"https:\/\/vocesdebaires.com.ar\/index.php\/wp-json\/wp\/v2\/tags?post=40439"}],"curies":[{"name":"wp","href":"https:\/\/api.w.org\/{rel}","templated":true}]}}