{"id":40442,"date":"2022-09-19T00:00:17","date_gmt":"2022-09-19T03:00:17","guid":{"rendered":"https:\/\/vocesdebaires.com.ar\/?p=40442"},"modified":"2022-09-18T17:40:52","modified_gmt":"2022-09-18T20:40:52","slug":"larreta-entrego-los-premios-de-la-maraton-internacional-buenos-aires","status":"publish","type":"post","link":"https:\/\/vocesdebaires.com.ar\/index.php\/2022\/09\/19\/larreta-entrego-los-premios-de-la-maraton-internacional-buenos-aires\/","title":{"rendered":"Larreta: Entreg\u00f3 los premios de la Marat\u00f3n Internacional Buenos Aires"},"content":{"rendered":"<p>El jefe de Gobierno porte\u00f1o, Horacio Rodr\u00edguez Larreta, encabez\u00f3 ayer domingo la entrega de premios de la Marat\u00f3n Internacional BA 42K, que se corri\u00f3 ayer por la ma\u00f1ana en las calles de la Ciudad con casi 9.000 participantes entre atletas amateurs y deportistas de \u00e9lite de todo el mundo. Rodr\u00edguez Larreta destac\u00f3 \u201cel orgullo que representa para Buenos Aires\u201d ser sede de esta prueba atl\u00e9tica, que sit\u00faa a la Ciudad entre las m\u00e1s trascendentes y convocantes del mundo en eventos deportivos de esta categor\u00eda.<\/p>\n<p>La competencia, organizada por la Asociaci\u00f3n \u00d1and\u00fa, cuenta con certificaci\u00f3n oficial de la IAAF (Asociaci\u00f3n Internacional de Federaciones de Atletismo por sus siglas en ingl\u00e9s) e integra el calendario de la Asociaci\u00f3n Internacional de Maratones.El keniata V\u00edctor Kipchirchir fue el ganador en hombres con un tiempo de 2h.07m.03s, mientras que su compatriota Rodah Tanui se impuso en la categor\u00eda mujeres con una marca de 2h.26m.50s. Los atletas recorrieron un circuito de 42 kil\u00f3metros que atraves\u00f3 los barrios de N\u00fa\u00f1ez, Belgrano, Palermo, Recoleta, Retiro, San Nicol\u00e1s, Montserrat, Puerto Madero , La Boca, Barracas y San Telmo con punto de partida y llegada en la intersecci\u00f3n de las avenidas Figueroa Alcorta y Monroe.<\/p>\n<p>\u201cDisfrutamos de esta fiesta del deporte con gente de todo el pa\u00eds que viene a correr y genera una movida deportiva tur\u00edstica para la Ciudad. Esta carrera refleja los valores de la organizaci\u00f3n, el cuidado del espacio p\u00fablico, el medio ambiente, la constancia, la coherencia, el no aflojarle. Son los valores que ser\u00eda bueno llevarlos a todo el pa\u00eds\u00bb, dijo Rodr\u00edguez Larreta.<br \/>\nEl Jefe de Gobierno estuvo acompa\u00f1ado por el secretario de Deportes porte\u00f1o, Carlos Retegui.<\/p>\n<p>Fotos: Gaby Mabromata \/GCBA<\/p>\n","protected":false},"excerpt":{"rendered":"<p>El jefe de Gobierno porte\u00f1o, Horacio Rodr\u00edguez Larreta, encabez\u00f3 ayer domingo la entrega de premios de la Marat\u00f3n Internacional BA 42K, que se corri\u00f3 ayer por la ma\u00f1ana en las calles de la Ciudad con casi 9.000 participantes entre atletas amateurs y deportistas de \u00e9lite de todo el mundo. Rodr\u00edguez Larreta destac\u00f3 \u201cel orgullo que [&hellip;]<\/p>\n","protected":false},"author":2,"featured_media":40443,"comment_status":"open","ping_status":"open","sticky":false,"template":"","format":"standard","meta":{"_et_pb_use_builder":"","_et_pb_old_content":"","_et_gb_content_width":"","footnotes":""},"categories":[11,33],"tags":[],"class_list":["post-40442","post","type-post","status-publish","format-standard","has-post-thumbnail","hentry","category-ciudad","category-sociedad-y-cultura-2"],"_links":{"self":[{"href":"https:\/\/vocesdebaires.com.ar\/index.php\/wp-json\/wp\/v2\/posts\/40442"}],"collection":[{"href":"https:\/\/vocesdebaires.com.ar\/index.php\/wp-json\/wp\/v2\/posts"}],"about":[{"href":"https:\/\/vocesdebaires.com.ar\/index.php\/wp-json\/wp\/v2\/types\/post"}],"author":[{"embeddable":true,"href":"https:\/\/vocesdebaires.com.ar\/index.php\/wp-json\/wp\/v2\/users\/2"}],"replies":[{"embeddable":true,"href":"https:\/\/vocesdebaires.com.ar\/index.php\/wp-json\/wp\/v2\/comments?post=40442"}],"version-history":[{"count":1,"href":"https:\/\/vocesdebaires.com.ar\/index.php\/wp-json\/wp\/v2\/posts\/40442\/revisions"}],"predecessor-version":[{"id":40444,"href":"https:\/\/vocesdebaires.com.ar\/index.php\/wp-json\/wp\/v2\/posts\/40442\/revisions\/40444"}],"wp:featuredmedia":[{"embeddable":true,"href":"https:\/\/vocesdebaires.com.ar\/index.php\/wp-json\/wp\/v2\/media\/40443"}],"wp:attachment":[{"href":"https:\/\/vocesdebaires.com.ar\/index.php\/wp-json\/wp\/v2\/media?parent=40442"}],"wp:term":[{"taxonomy":"category","embeddable":true,"href":"https:\/\/vocesdebaires.com.ar\/index.php\/wp-json\/wp\/v2\/categories?post=40442"},{"taxonomy":"post_tag","embeddable":true,"href":"https:\/\/vocesdebaires.com.ar\/index.php\/wp-json\/wp\/v2\/tags?post=40442"}],"curies":[{"name":"wp","href":"https:\/\/api.w.org\/{rel}","templated":true}]}}